{"id":3954,"date":"2014-07-03T11:12:53","date_gmt":"2014-07-03T09:12:53","guid":{"rendered":"https:\/\/yerelsen.org.tr\/?p=3954"},"modified":"2014-07-03T11:15:08","modified_gmt":"2014-07-03T09:15:08","slug":"osmangazide-imzalar-atildi","status":"publish","type":"post","link":"https:\/\/yerelsen.org.tr\/index.php\/osmangazide-imzalar-atildi\/","title":{"rendered":"OSMANGAZ\u0130&#8217;DE \u0130MZALAR ATILDI"},"content":{"rendered":"<p style=\"text-align: justify;\">Sendikam\u0131z\u0131n yeni \u00fcyelerinden Osmangazi Belediyesi\u2019nde uygulanmak \u00fczere akdedilecek toplu i\u015f s\u00f6zle\u015fmesi g\u00f6r\u00fc\u015fmeleri sona erdi. Osmangazi Belediyesi\u2019nde i\u015fveren ad\u0131na g\u00f6r\u00fc\u015fmelere kat\u0131lan sendikam\u0131z ile Hizmet-\u0130\u015f Sendikas\u0131 aras\u0131nda ger\u00e7ekle\u015fen toplu i\u015f s\u00f6zle\u015fmesi 03 Temmuz 2014 tarihinde Osmangazi Belediyesi\u2019nde yap\u0131lan t\u00f6renle imzaland\u0131.<\/p>\n<p style=\"text-align: justify;\">\u0130mza t\u00f6renine Osmangazi Belediye Ba\u015fkan\u0131 Mustafa D\u00fcndar, ba\u015fkan yard\u0131mc\u0131s\u0131 Mehmet \u00c7oban, Genel Sekreterimiz Av. M\u00fcmtaz Uzun ve Hizmet &#8211; \u0130\u015f Sendikas\u0131 \u015eube Ba\u015fkan\u0131 Mehmet Keskin kat\u0131ld\u0131.<\/p>\n<p style=\"text-align: justify;\">\u00a0\u0130ki y\u0131ll\u0131\u011f\u0131na d\u00fczenlenen ve 7o maddeden olu\u015fan s\u00f6zle\u015fmenin imzalanmas\u0131 \u00f6ncesinde ba\u015fkan D\u00fcndar \u015fu a\u00e7\u0131klamay\u0131 yapt\u0131:<\/p>\n<p style=\"text-align: justify;\">\u201c\u00c7al\u0131\u015fanlar\u0131m\u0131z\u0131n g\u00fczel, temiz ve d\u00fczg\u00fcn ortamlarda \u00e7al\u0131\u015fmas\u0131na olanak sa\u011flamak bizlerin g\u00f6revi. \u00c7al\u0131\u015fanlar\u0131m\u0131z\u0131n haklar\u0131n\u0131 koruyarak, onlar\u0131n daha iyi \u015fartlarda \u00e7al\u0131\u015fmas\u0131n\u0131 temin ederek en iyi hizmeti \u00fcretmeyi hedefliyoruz. Be\u015f y\u0131ld\u0131r vatanda\u015fa hesap veriyoruz. \u00a0Her g\u00fcn vatanda\u015f\u0131n i\u00e7indeyiz. Devlet dedi\u011finiz zaman vatanda\u015f\u0131n akl\u0131na belediye gelir. Dolay\u0131s\u0131yla vatanda\u015f\u0131n ilk geldi\u011fi yer de belediyedir ve buraya gelen ki\u015fi buradan hizmet bekler.\u201d<\/p>\n<p style=\"text-align: justify;\"><b>\u201c\u0130\u015fimiz vatanda\u015fa hizmet\u201d<\/b><\/p>\n<p style=\"text-align: justify;\">Hizmet noktas\u0131nda \u00e7al\u0131\u015fanlar\u0131n bir eksi\u011fini ya da kusurunu g\u00f6rmedi\u011fini dile getiren Ba\u015fkan D\u00fcndar s\u00f6zlerine \u015f\u00f6yle deva etti: \u201c\u00c7al\u0131\u015fanlar\u0131m\u0131z\u0131n bundan sonra da ayn\u0131 hizmeti daha da y\u00fckselterek vatanda\u015fa sunacaklar\u0131na inan\u0131yorum. \u00c7\u00fcnk\u00fc bizim i\u015fimiz vatanda\u015fa hizmet. Devletin direkt vatanda\u015fla bulu\u015ftu\u011fu nokta belediyelerdir. O y\u00fczden vatanda\u015fa verilen hizmetin aksamadan en etkili bir \u015fekilde y\u00fcr\u00fcmesi takip etti\u011fimiz di\u011fer bir konudur. \u0130\u015f\u00e7ilerimizle birlikte uyumlu bir \u015fekilde anla\u015farak bir toplu s\u00f6zle\u015fme imzal\u0131yoruz. Memur s\u00f6zle\u015fmesinde oldu\u011fu gibi i\u015f\u00e7ilerimize de yine en \u00fcst d\u00fczeyde zam veriyoruz. \u0130\u015f\u00e7inin esas hakk\u0131 i\u015ftir, emektir. Eme\u011fi acaba ayn\u0131 \u015fekilde veriyor mu? \u00a0S\u00f6zle\u015fme imzalarken, bu \u00fccreti istiyorum derken ayn\u0131 m\u00fccadeleyi i\u015fi i\u00e7inde veriyor mu? Bu m\u00fccadeleyi veriyorsa verilen zam helaldir. E\u011fer bu m\u00fccadeleyi vermiyorsa o zaman burada bir soru i\u015faretimiz vard\u0131r demektir. Biz hizmet istiyoruz. Bu d\u00fc\u015f\u00fcnce \u00e7er\u00e7evesinde i\u015f yapan\u0131n, i\u015fi y\u00fcr\u00fctenin yan\u0131nda yapmayan\u0131n da kar\u015f\u0131s\u0131nda oldu\u011fumuzu belirterek yap\u0131lan s\u00f6zle\u015fmenin hepimize hay\u0131rl\u0131 olmas\u0131n\u0131 diliyorum.\u201d<\/p>\n<p style=\"text-align: justify;\">Ba\u015fkan Mustafa D\u00fcndar\u2019\u0131n konu\u015fmas\u0131ndan sonra s\u00f6z alan Genel Sekreterimiz Av. M\u00fcmtaz Uzun Yerelsen olarak Osmangazi Belediyesindeki ilk s\u00f6zle\u015fmemiz oldu\u011funu dile getirerek bu ilk s\u00f6zle\u015fmenin kar\u015f\u0131l\u0131kl\u0131 anla\u015fmayla bitmi\u015f olmas\u0131ndan mutluluk duydu\u011funu ve yap\u0131lan s\u00f6zle\u015fmenin belediye ve \u00e7al\u0131\u015fanlar\u0131na hay\u0131rl\u0131 u\u011furlu olmas\u0131n\u0131 diledi\u011fini s\u00f6yledi.<\/p>\n<p style=\"text-align: justify;\">Hizmet \u2013 \u0130\u015f Sendikas\u0131 \u015eube Ba\u015fkan\u0131 Mehmet \u00c7oban ise; s\u00f6zle\u015fmenin ba\u015f\u0131ndan sonuna kadar olumlu bir \u015fekilde sonu\u00e7lanmas\u0131 i\u00e7in destek veren say\u0131n ba\u015fkan ve y\u00f6neticilere te\u015fekk\u00fcr ettikten sonra Osmangazi Belediyesi\u2019nde kar\u015f\u0131l\u0131kl\u0131 anla\u015fma ile imzalanan s\u00f6zle\u015fmenin herkese hay\u0131rl\u0131 olmas\u0131n\u0131 diledi. At\u0131lan imzalar\u0131n sonunda Hizmet &#8211; \u0130\u015f \u015eube Ba\u015fkan\u0131 Mehmet \u00c7oban taraf\u0131ndan Osmangazi Belediye Ba\u015fkan\u0131 Mustafa D\u00fcndar&#8217;a plaket takdim edildi.\u00a0<a href=\"https:\/\/yerelsen.org.tr\/wp-content\/uploads\/2014\/07\/I-1710-x-1140.jpg\"><img loading=\"lazy\" decoding=\"async\" class=\"aligncenter size-medium wp-image-3963\" alt=\"I (1710 x 1140)\" src=\"https:\/\/yerelsen.org.tr\/wp-content\/uploads\/2014\/07\/I-1710-x-1140-620x413.jpg\" width=\"620\" height=\"413\" srcset=\"https:\/\/yerelsen.org.tr\/wp-content\/uploads\/2014\/07\/I-1710-x-1140-620x413.jpg 620w, https:\/\/yerelsen.org.tr\/wp-content\/uploads\/2014\/07\/I-1710-x-1140-850x566.jpg 850w, https:\/\/yerelsen.org.tr\/wp-content\/uploads\/2014\/07\/I-1710-x-1140.jpg 1710w\" sizes=\"auto, (max-width: 620px) 100vw, 620px\" \/><\/a><\/p>\n<p style=\"text-align: justify;\"><a href=\"https:\/\/yerelsen.org.tr\/wp-content\/uploads\/2014\/07\/H-1710-x-1140.jpg\"><img loading=\"lazy\" decoding=\"async\" class=\"aligncenter size-medium wp-image-3962\" alt=\"H (1710 x 1140)\" src=\"https:\/\/yerelsen.org.tr\/wp-content\/uploads\/2014\/07\/H-1710-x-1140-620x413.jpg\" width=\"620\" height=\"413\" srcset=\"https:\/\/yerelsen.org.tr\/wp-content\/uploads\/2014\/07\/H-1710-x-1140-620x413.jpg 620w, https:\/\/yerelsen.org.tr\/wp-content\/uploads\/2014\/07\/H-1710-x-1140-850x566.jpg 850w, https:\/\/yerelsen.org.tr\/wp-content\/uploads\/2014\/07\/H-1710-x-1140.jpg 1710w\" sizes=\"auto, (max-width: 620px) 100vw, 620px\" \/><\/a><\/p>\n<p style=\"text-align: justify;\"><a href=\"https:\/\/yerelsen.org.tr\/wp-content\/uploads\/2014\/07\/G-1710-x-1140.jpg\"><img loading=\"lazy\" decoding=\"async\" class=\"aligncenter size-medium wp-image-3961\" alt=\"G (1710 x 1140)\" src=\"https:\/\/yerelsen.org.tr\/wp-content\/uploads\/2014\/07\/G-1710-x-1140-620x413.jpg\" width=\"620\" height=\"413\" srcset=\"https:\/\/yerelsen.org.tr\/wp-content\/uploads\/2014\/07\/G-1710-x-1140-620x413.jpg 620w, https:\/\/yerelsen.org.tr\/wp-content\/uploads\/2014\/07\/G-1710-x-1140-850x566.jpg 850w, https:\/\/yerelsen.org.tr\/wp-content\/uploads\/2014\/07\/G-1710-x-1140.jpg 1710w\" sizes=\"auto, (max-width: 620px) 100vw, 620px\" \/><\/a><\/p>\n<p style=\"text-align: justify;\"><a href=\"https:\/\/yerelsen.org.tr\/wp-content\/uploads\/2014\/07\/B-1710-x-1140.jpg\"><img loading=\"lazy\" decoding=\"async\" class=\"aligncenter size-medium wp-image-3957\" alt=\"B (1710 x 1140)\" src=\"https:\/\/yerelsen.org.tr\/wp-content\/uploads\/2014\/07\/B-1710-x-1140-620x413.jpg\" width=\"620\" height=\"413\" srcset=\"https:\/\/yerelsen.org.tr\/wp-content\/uploads\/2014\/07\/B-1710-x-1140-620x413.jpg 620w, https:\/\/yerelsen.org.tr\/wp-content\/uploads\/2014\/07\/B-1710-x-1140-850x566.jpg 850w, https:\/\/yerelsen.org.tr\/wp-content\/uploads\/2014\/07\/B-1710-x-1140.jpg 1710w\" sizes=\"auto, (max-width: 620px) 100vw, 620px\" \/><\/a><\/p>\n<p style=\"text-align: justify;\"><a href=\"https:\/\/yerelsen.org.tr\/wp-content\/uploads\/2014\/07\/C-1710-x-1140.jpg\"><img loading=\"lazy\" decoding=\"async\" class=\"aligncenter size-medium wp-image-3958\" alt=\"C (1710 x 1140)\" src=\"https:\/\/yerelsen.org.tr\/wp-content\/uploads\/2014\/07\/C-1710-x-1140-620x930.jpg\" width=\"620\" height=\"930\" srcset=\"https:\/\/yerelsen.org.tr\/wp-content\/uploads\/2014\/07\/C-1710-x-1140-620x930.jpg 620w, https:\/\/yerelsen.org.tr\/wp-content\/uploads\/2014\/07\/C-1710-x-1140-850x1275.jpg 850w, https:\/\/yerelsen.org.tr\/wp-content\/uploads\/2014\/07\/C-1710-x-1140.jpg 1140w\" sizes=\"auto, (max-width: 620px) 100vw, 620px\" \/><\/a><\/p>\n<p style=\"text-align: justify;\"><a href=\"https:\/\/yerelsen.org.tr\/wp-content\/uploads\/2014\/07\/F-1710-x-1140.jpg\"><img loading=\"lazy\" decoding=\"async\" class=\"aligncenter size-medium wp-image-3960\" alt=\"F (1710 x 1140)\" src=\"https:\/\/yerelsen.org.tr\/wp-content\/uploads\/2014\/07\/F-1710-x-1140-620x413.jpg\" width=\"620\" height=\"413\" srcset=\"https:\/\/yerelsen.org.tr\/wp-content\/uploads\/2014\/07\/F-1710-x-1140-620x413.jpg 620w, https:\/\/yerelsen.org.tr\/wp-content\/uploads\/2014\/07\/F-1710-x-1140-850x566.jpg 850w, https:\/\/yerelsen.org.tr\/wp-content\/uploads\/2014\/07\/F-1710-x-1140.jpg 1710w\" sizes=\"auto, (max-width: 620px) 100vw, 620px\" \/><\/a><a href=\"https:\/\/yerelsen.org.tr\/wp-content\/uploads\/2014\/07\/E-1710-x-1140.jpg\"><img loading=\"lazy\" decoding=\"async\" class=\"aligncenter size-medium wp-image-3959\" alt=\"E (1710 x 1140)\" src=\"https:\/\/yerelsen.org.tr\/wp-content\/uploads\/2014\/07\/E-1710-x-1140-620x930.jpg\" width=\"620\" height=\"930\" srcset=\"https:\/\/yerelsen.org.tr\/wp-content\/uploads\/2014\/07\/E-1710-x-1140-620x930.jpg 620w, https:\/\/yerelsen.org.tr\/wp-content\/uploads\/2014\/07\/E-1710-x-1140-850x1275.jpg 850w, https:\/\/yerelsen.org.tr\/wp-content\/uploads\/2014\/07\/E-1710-x-1140.jpg 1140w\" sizes=\"auto, (max-width: 620px) 100vw, 620px\" \/><\/a><\/p>\n<p style=\"text-align: justify;\"><a href=\"https:\/\/yerelsen.org.tr\/wp-content\/uploads\/2014\/07\/1.jpg\"><img loading=\"lazy\" decoding=\"async\" class=\"aligncenter size-medium wp-image-3955\" alt=\"1\" src=\"https:\/\/yerelsen.org.tr\/wp-content\/uploads\/2014\/07\/1-620x465.jpg\" width=\"620\" height=\"465\" srcset=\"https:\/\/yerelsen.org.tr\/wp-content\/uploads\/2014\/07\/1-620x465.jpg 620w, https:\/\/yerelsen.org.tr\/wp-content\/uploads\/2014\/07\/1.jpg 816w\" sizes=\"auto, (max-width: 620px) 100vw, 620px\" \/><\/a><\/p>\n","protected":false},"excerpt":{"rendered":"Sendikam\u0131z\u0131n yeni \u00fcyelerinden Osmangazi Belediyesi\u2019nde uygulanmak \u00fczere akdedilecek toplu i\u015f s\u00f6zle\u015fmesi g\u00f6r\u00fc\u015fmeleri sona erdi. Osmangazi Belediyesi\u2019nde i\u015fveren ad\u0131na g\u00f6r\u00fc\u015fmelere kat\u0131lan [&hellip;]","protected":false},"author":3,"featured_media":3964,"comment_status":"closed","ping_status":"closed","sticky":false,"template":"","format":"standard","meta":{"footnotes":""},"categories":[1,24,25],"tags":[],"class_list":["post-3954","post","type-post","status-publish","format-standard","has-post-thumbnail","hentry","category-haberler","category-sozlesmeler","category-toplantilar"],"_links":{"self":[{"href":"https:\/\/yerelsen.org.tr\/index.php\/wp-json\/wp\/v2\/posts\/3954","targetHints":{"allow":["GET"]}}],"collection":[{"href":"https:\/\/yerelsen.org.tr\/index.php\/wp-json\/wp\/v2\/posts"}],"about":[{"href":"https:\/\/yerelsen.org.tr\/index.php\/wp-json\/wp\/v2\/types\/post"}],"author":[{"embeddable":true,"href":"https:\/\/yerelsen.org.tr\/index.php\/wp-json\/wp\/v2\/users\/3"}],"replies":[{"embeddable":true,"href":"https:\/\/yerelsen.org.tr\/index.php\/wp-json\/wp\/v2\/comments?post=3954"}],"version-history":[{"count":3,"href":"https:\/\/yerelsen.org.tr\/index.php\/wp-json\/wp\/v2\/posts\/3954\/revisions"}],"predecessor-version":[{"id":3969,"href":"https:\/\/yerelsen.org.tr\/index.php\/wp-json\/wp\/v2\/posts\/3954\/revisions\/3969"}],"wp:featuredmedia":[{"embeddable":true,"href":"https:\/\/yerelsen.org.tr\/index.php\/wp-json\/wp\/v2\/media\/3964"}],"wp:attachment":[{"href":"https:\/\/yerelsen.org.tr\/index.php\/wp-json\/wp\/v2\/media?parent=3954"}],"wp:term":[{"taxonomy":"category","embeddable":true,"href":"https:\/\/yerelsen.org.tr\/index.php\/wp-json\/wp\/v2\/categories?post=3954"},{"taxonomy":"post_tag","embeddable":true,"href":"https:\/\/yerelsen.org.tr\/index.php\/wp-json\/wp\/v2\/tags?post=3954"}],"curies":[{"name":"wp","href":"https:\/\/api.w.org\/{rel}","templated":true}]}}