{"id":3970,"date":"2014-07-04T13:43:28","date_gmt":"2014-07-04T11:43:28","guid":{"rendered":"https:\/\/yerelsen.org.tr\/?p=3970"},"modified":"2014-07-04T13:43:28","modified_gmt":"2014-07-04T11:43:28","slug":"golcukte-imza-sevinci","status":"publish","type":"post","link":"https:\/\/yerelsen.org.tr\/index.php\/golcukte-imza-sevinci\/","title":{"rendered":"G\u00d6LC\u00dcK&#8217;TE \u0130MZA SEV\u0130NC\u0130"},"content":{"rendered":"<p>&nbsp;<\/p>\n<p>&nbsp;<\/p>\n<p>&nbsp;<\/p>\n<p>&nbsp;<\/p>\n<p>&nbsp;<\/p>\n<p>&nbsp;<\/p>\n<p style=\"text-align: justify;\">Sendikam\u0131z\u0131n \u00fcyelerinden G\u00f6lc\u00fck Belediyesi\u2019nde toplu i\u015f s\u00f6zle\u015fmesi g\u00f6r\u00fc\u015fmeleri sona erdi. G\u00f6lc\u00fck Belediyesi\u2019nde i\u015fveren ad\u0131na g\u00f6r\u00fc\u015fmelere kat\u0131lan sendikam\u0131z ile Hizmet-\u0130\u015f Sendikas\u0131 aras\u0131nda ger\u00e7ekle\u015fen toplu i\u015f s\u00f6zle\u015fmesi 04 Temmuz 2014 tarihinde G\u00f6lc\u00fck Belediyesi\u2019nde yap\u0131lan geni\u015f kat\u0131l\u0131ml\u0131 t\u00f6renle imzaland\u0131.<\/p>\n<p style=\"text-align: justify;\">\n<p style=\"text-align: justify;\">\u0130mza t\u00f6renine G\u00f6lc\u00fck Belediye Ba\u015fkan\u0131 Mehmet Ellibe\u015f, ba\u015fkan yard\u0131mc\u0131s\u0131 \u0130brahim Tekta\u015f, Genel Sekreterimiz Av. M\u00fcmtaz Uzun ve sendika uzmanlar\u0131m\u0131zdan Yahya Bilgin, Hasan Tenlik, Mete Bilgin ve Yavuz Alt\u0131n\u0131\u015f\u0131k kat\u0131ld\u0131. Di\u011fer yandan Hizmet &#8211; \u0130\u015f Sendikas\u0131\u2019ndan \u015eube Ba\u015fkan\u0131 \u0130dris Ersoy ve sendika temsilcileri de t\u00f6rende haz\u0131r bulundular.<\/p>\n<p style=\"text-align: justify;\">\n<p style=\"text-align: justify;\"><b>\u201cBir yol eksik olsun ama \u00fccretler zaman\u0131nda \u00f6densin\u201d<\/b><\/p>\n<p style=\"text-align: justify;\"><b><\/b>\u0130ki y\u0131ll\u0131\u011f\u0131na d\u00fczenlenen ve 5o maddeden olu\u015fan s\u00f6zle\u015fmenin imzalanmas\u0131 \u00f6ncesinde ba\u015fkan Ellibe\u015f G\u00f6lc\u00fck Belediyesi\u2019nde \u00e7al\u0131\u015fanlar\u0131n al\u0131n teri kurumadan \u00fccretlerini \u00f6demek gibi bir irade ortaya koyduklar\u0131n\u0131 ve bu konuda \u015fimdiye kadar da ba\u015far\u0131l\u0131 olduklar\u0131n\u0131 s\u00f6yledi. Ba\u015fkan Ellibe\u015f s\u00f6zlerine \u015f\u00f6yle devam etti: \u201cYani ay\u0131n on be\u015finde \u00e7al\u0131\u015fan arkada\u015f\u0131m\u0131z bankamati\u011fe gitti\u011finde paras\u0131n\u0131 yat\u0131r\u0131lm\u0131\u015f olarak g\u00f6rmesini hedefledik. Y\u00fcce Rabbime sonsuz \u015f\u00fck\u00fcrler olsun ki g\u00f6reve geldi\u011fim ilk g\u00fcnden bug\u00fcne bana bunu nasip etti. Bir yol eksik olsun, bir k\u00f6pr\u00fc noksan olsun ama \u00e7al\u0131\u015fan arkada\u015flar\u0131m\u0131z al\u0131n terinin kar\u015f\u0131l\u0131\u011f\u0131n\u0131 zaman\u0131nda als\u0131n.<\/p>\n<p style=\"text-align: justify;\">\n<p style=\"text-align: justify;\">Yeni d\u00f6nemde de maa\u015flar\u0131 zaman\u0131nda \u00f6deme hedefini koyduklar\u0131n\u0131 ifade eden Ba\u015fkan Ellibe\u015f \u201cToplu s\u00f6zle\u015fmeler pazarl\u0131k s\u00fcrecidir. \u00c7ok \u015f\u00fck\u00fcr \u00e7al\u0131\u015fanlar\u0131m\u0131zla yine orta bir noktada bulu\u015ftuk. Arkada\u015flar\u0131m\u0131z\u0131n istek ve beklentilerini y\u00fczde y\u00fcz kar\u015f\u0131layacak bir s\u00f6zle\u015fme de\u011filse de beklentilerini kar\u015f\u0131layacak bir s\u00f6zle\u015fme yap\u0131yoruz. Y\u00fcce Rabbim \u00f6n\u00fcm\u00fczdeki s\u00fcre\u00e7te daha iyi imk\u00e2nlar\u0131 bize nasip eder de biz de payla\u015f\u0131r\u0131z sizlerle. Gelecekte daha iyi s\u00f6zle\u015fmeler yapaca\u011f\u0131m\u0131za inan\u0131yorum. Bu s\u00fcre\u00e7te yard\u0131mlar\u0131n\u0131 eksik etmeyen YERELSEN ve Hizmet-\u0130\u015f sendikalar\u0131na te\u015fekk\u00fcr ediyorum. \u00a0\u00d6zellikle Yerelsen geldikten sonra toplu s\u00f6zle\u015fmelerimizin daha profesyonel y\u00fcr\u00fct\u00fcld\u00fc\u011f\u00fcne \u015fahit olduk. Bu anlamda emeklerinden dolay\u0131 YERELSEN ekibine de \u00e7ok te\u015fekk\u00fcr ederiz.\u201d dedi.<\/p>\n<p style=\"text-align: justify;\">\n<p style=\"text-align: justify;\">Mehmet Ellibe\u015f\u2019in konu\u015fmalar\u0131ndan sonra Hizmet \u2013 \u0130\u015f \u015eube Ba\u015fkan\u0131 \u0130dris Ersoy s\u00f6z ald\u0131. Ersoy; \u201cYakla\u015f\u0131k 3,5 ayd\u0131r s\u00fcren bir s\u00f6zle\u015fmeyi masada bitirmenin mutlulu\u011fu i\u00e7indeyiz. Her ne kadar herkesi tam anlam\u0131yla memnun edecek bir s\u00f6zle\u015fme ortaya koymak m\u00fcmk\u00fcn olmasa da en iyi s\u00f6zle\u015fme masada biten s\u00f6zle\u015fmedir. Bu s\u00fcre\u00e7te katk\u0131lar\u0131n\u0131 esirgemeyen belediye ba\u015fkan\u0131m\u0131za ve \u00e7al\u0131\u015fma arkada\u015flar\u0131na te\u015fekk\u00fcr ediyorum\u201d dedi.<\/p>\n<p style=\"text-align: justify;\">\n<p style=\"text-align: justify;\">\u0130dris Ersoy\u2019dan sonra konu\u015fan Genel Sekreterimiz M\u00fcmtaz Uzun yap\u0131lan s\u00f6zle\u015fmenin \u00f6ncelikle belediye ve \u00e7al\u0131\u015fanlar\u0131na hay\u0131rl\u0131 olmas\u0131n\u0131 dileyerek \u00a0s\u00f6zlerine \u015fu \u015fekilde devam etti: \u201cG\u00f6lc\u00fck Belediyesi\u2019nde yap\u0131lan toplu i\u015f s\u00f6zle\u015fmesi \u00f6zellikle idari maddeler a\u00e7\u0131s\u0131ndan ba\u015fka s\u00f6zle\u015fmelere \u00f6rnek g\u00f6sterilecek ideal bir duruma geldi. Bu a\u00e7\u0131dan da g\u00fczel bir s\u00f6zle\u015fme oldu. Hepimize hay\u0131rl\u0131 u\u011furlu olsun.\u201d Yap\u0131lan konu\u015fmalar\u0131n ard\u0131ndan imzalar at\u0131larak t\u00f6ren sona erdi.<\/p>\n<p><a href=\"https:\/\/yerelsen.org.tr\/wp-content\/uploads\/2014\/07\/IMG_9096-1710-x-1140.jpg\"><img loading=\"lazy\" decoding=\"async\" class=\"aligncenter size-medium wp-image-3971\" alt=\"IMG_9096 (1710 x 1140)\" src=\"https:\/\/yerelsen.org.tr\/wp-content\/uploads\/2014\/07\/IMG_9096-1710-x-1140-620x413.jpg\" width=\"620\" height=\"413\" srcset=\"https:\/\/yerelsen.org.tr\/wp-content\/uploads\/2014\/07\/IMG_9096-1710-x-1140-620x413.jpg 620w, https:\/\/yerelsen.org.tr\/wp-content\/uploads\/2014\/07\/IMG_9096-1710-x-1140-850x566.jpg 850w, https:\/\/yerelsen.org.tr\/wp-content\/uploads\/2014\/07\/IMG_9096-1710-x-1140.jpg 1710w\" sizes=\"auto, (max-width: 620px) 100vw, 620px\" \/><\/a><\/p>\n<p>&nbsp;<\/p>\n<p>&nbsp;<\/p>\n<p>&nbsp;<\/p>\n<p>&nbsp;<\/p>\n<p>&nbsp;<\/p>\n<p>&nbsp;<\/p>\n<p><a href=\"https:\/\/yerelsen.org.tr\/wp-content\/uploads\/2014\/07\/IMG_9104-1710-x-1140.jpg\"><img loading=\"lazy\" decoding=\"async\" class=\"aligncenter size-medium wp-image-3973\" alt=\"IMG_9104 (1710 x 1140)\" src=\"https:\/\/yerelsen.org.tr\/wp-content\/uploads\/2014\/07\/IMG_9104-1710-x-1140-620x413.jpg\" width=\"620\" height=\"413\" srcset=\"https:\/\/yerelsen.org.tr\/wp-content\/uploads\/2014\/07\/IMG_9104-1710-x-1140-620x413.jpg 620w, https:\/\/yerelsen.org.tr\/wp-content\/uploads\/2014\/07\/IMG_9104-1710-x-1140-850x566.jpg 850w, https:\/\/yerelsen.org.tr\/wp-content\/uploads\/2014\/07\/IMG_9104-1710-x-1140.jpg 1710w\" sizes=\"auto, (max-width: 620px) 100vw, 620px\" \/><\/a><\/p>\n<p><a href=\"https:\/\/yerelsen.org.tr\/wp-content\/uploads\/2014\/07\/IMG_9114-1710-x-1140.jpg\"><img loading=\"lazy\" decoding=\"async\" class=\"aligncenter size-medium wp-image-3974\" alt=\"IMG_9114 (1710 x 1140)\" src=\"https:\/\/yerelsen.org.tr\/wp-content\/uploads\/2014\/07\/IMG_9114-1710-x-1140-620x413.jpg\" width=\"620\" height=\"413\" srcset=\"https:\/\/yerelsen.org.tr\/wp-content\/uploads\/2014\/07\/IMG_9114-1710-x-1140-620x413.jpg 620w, https:\/\/yerelsen.org.tr\/wp-content\/uploads\/2014\/07\/IMG_9114-1710-x-1140-850x566.jpg 850w, https:\/\/yerelsen.org.tr\/wp-content\/uploads\/2014\/07\/IMG_9114-1710-x-1140.jpg 1710w\" sizes=\"auto, (max-width: 620px) 100vw, 620px\" \/><\/a><\/p>\n<p><a href=\"https:\/\/yerelsen.org.tr\/wp-content\/uploads\/2014\/07\/IMG_9098-1710-x-1140.jpg\"><img loading=\"lazy\" decoding=\"async\" class=\"aligncenter size-medium wp-image-3972\" alt=\"IMG_9098 (1710 x 1140)\" src=\"https:\/\/yerelsen.org.tr\/wp-content\/uploads\/2014\/07\/IMG_9098-1710-x-1140-620x413.jpg\" width=\"620\" height=\"413\" srcset=\"https:\/\/yerelsen.org.tr\/wp-content\/uploads\/2014\/07\/IMG_9098-1710-x-1140-620x413.jpg 620w, https:\/\/yerelsen.org.tr\/wp-content\/uploads\/2014\/07\/IMG_9098-1710-x-1140-850x566.jpg 850w, https:\/\/yerelsen.org.tr\/wp-content\/uploads\/2014\/07\/IMG_9098-1710-x-1140.jpg 1710w\" sizes=\"auto, (max-width: 620px) 100vw, 620px\" \/><\/a><\/p>\n<p><a href=\"https:\/\/yerelsen.org.tr\/wp-content\/uploads\/2014\/07\/IMG_9117-1710-x-1140.jpg\"><img loading=\"lazy\" decoding=\"async\" class=\"aligncenter size-medium wp-image-3976\" alt=\"IMG_9117 (1710 x 1140)\" src=\"https:\/\/yerelsen.org.tr\/wp-content\/uploads\/2014\/07\/IMG_9117-1710-x-1140-620x413.jpg\" width=\"620\" height=\"413\" srcset=\"https:\/\/yerelsen.org.tr\/wp-content\/uploads\/2014\/07\/IMG_9117-1710-x-1140-620x413.jpg 620w, https:\/\/yerelsen.org.tr\/wp-content\/uploads\/2014\/07\/IMG_9117-1710-x-1140-850x566.jpg 850w, https:\/\/yerelsen.org.tr\/wp-content\/uploads\/2014\/07\/IMG_9117-1710-x-1140.jpg 1710w\" sizes=\"auto, (max-width: 620px) 100vw, 620px\" \/><\/a><\/p>\n<p><a href=\"https:\/\/yerelsen.org.tr\/wp-content\/uploads\/2014\/07\/IMG_9116-1710-x-1140.jpg\"><img loading=\"lazy\" decoding=\"async\" class=\"aligncenter size-medium wp-image-3975\" alt=\"IMG_9116 (1710 x 1140)\" src=\"https:\/\/yerelsen.org.tr\/wp-content\/uploads\/2014\/07\/IMG_9116-1710-x-1140-620x413.jpg\" width=\"620\" height=\"413\" srcset=\"https:\/\/yerelsen.org.tr\/wp-content\/uploads\/2014\/07\/IMG_9116-1710-x-1140-620x413.jpg 620w, https:\/\/yerelsen.org.tr\/wp-content\/uploads\/2014\/07\/IMG_9116-1710-x-1140-850x566.jpg 850w, https:\/\/yerelsen.org.tr\/wp-content\/uploads\/2014\/07\/IMG_9116-1710-x-1140.jpg 1710w\" sizes=\"auto, (max-width: 620px) 100vw, 620px\" \/><\/a><\/p>\n<p><a href=\"https:\/\/yerelsen.org.tr\/wp-content\/uploads\/2014\/07\/IMG_9127-1710-x-1140.jpg\"><img loading=\"lazy\" decoding=\"async\" class=\"aligncenter size-medium wp-image-3980\" alt=\"IMG_9127 (1710 x 1140)\" src=\"https:\/\/yerelsen.org.tr\/wp-content\/uploads\/2014\/07\/IMG_9127-1710-x-1140-620x413.jpg\" width=\"620\" height=\"413\" srcset=\"https:\/\/yerelsen.org.tr\/wp-content\/uploads\/2014\/07\/IMG_9127-1710-x-1140-620x413.jpg 620w, https:\/\/yerelsen.org.tr\/wp-content\/uploads\/2014\/07\/IMG_9127-1710-x-1140-850x566.jpg 850w, https:\/\/yerelsen.org.tr\/wp-content\/uploads\/2014\/07\/IMG_9127-1710-x-1140.jpg 1710w\" sizes=\"auto, (max-width: 620px) 100vw, 620px\" \/><\/a><\/p>\n<p><a href=\"https:\/\/yerelsen.org.tr\/wp-content\/uploads\/2014\/07\/IMG_9125-1710-x-1140.jpg\"><img loading=\"lazy\" decoding=\"async\" class=\"aligncenter size-medium wp-image-3979\" alt=\"IMG_9125 (1710 x 1140)\" src=\"https:\/\/yerelsen.org.tr\/wp-content\/uploads\/2014\/07\/IMG_9125-1710-x-1140-620x413.jpg\" width=\"620\" height=\"413\" srcset=\"https:\/\/yerelsen.org.tr\/wp-content\/uploads\/2014\/07\/IMG_9125-1710-x-1140-620x413.jpg 620w, https:\/\/yerelsen.org.tr\/wp-content\/uploads\/2014\/07\/IMG_9125-1710-x-1140-850x566.jpg 850w, https:\/\/yerelsen.org.tr\/wp-content\/uploads\/2014\/07\/IMG_9125-1710-x-1140.jpg 1710w\" sizes=\"auto, (max-width: 620px) 100vw, 620px\" \/><\/a><\/p>\n<p><a href=\"https:\/\/yerelsen.org.tr\/wp-content\/uploads\/2014\/07\/IMG_9132-1710-x-1140.jpg\"><img loading=\"lazy\" decoding=\"async\" class=\"aligncenter size-medium wp-image-3984\" alt=\"IMG_9132 (1710 x 1140)\" src=\"https:\/\/yerelsen.org.tr\/wp-content\/uploads\/2014\/07\/IMG_9132-1710-x-1140-620x930.jpg\" width=\"620\" height=\"930\" srcset=\"https:\/\/yerelsen.org.tr\/wp-content\/uploads\/2014\/07\/IMG_9132-1710-x-1140-620x930.jpg 620w, https:\/\/yerelsen.org.tr\/wp-content\/uploads\/2014\/07\/IMG_9132-1710-x-1140-850x1275.jpg 850w, https:\/\/yerelsen.org.tr\/wp-content\/uploads\/2014\/07\/IMG_9132-1710-x-1140.jpg 1140w\" sizes=\"auto, (max-width: 620px) 100vw, 620px\" \/><\/a><\/p>\n<p>&nbsp;<\/p>\n<p><a href=\"https:\/\/yerelsen.org.tr\/wp-content\/uploads\/2014\/07\/IMG_9136-1710-x-1140.jpg\"><img loading=\"lazy\" decoding=\"async\" class=\"aligncenter size-medium wp-image-3983\" alt=\"IMG_9136 (1710 x 1140)\" src=\"https:\/\/yerelsen.org.tr\/wp-content\/uploads\/2014\/07\/IMG_9136-1710-x-1140-620x413.jpg\" width=\"620\" height=\"413\" srcset=\"https:\/\/yerelsen.org.tr\/wp-content\/uploads\/2014\/07\/IMG_9136-1710-x-1140-620x413.jpg 620w, https:\/\/yerelsen.org.tr\/wp-content\/uploads\/2014\/07\/IMG_9136-1710-x-1140-850x566.jpg 850w, https:\/\/yerelsen.org.tr\/wp-content\/uploads\/2014\/07\/IMG_9136-1710-x-1140.jpg 1710w\" sizes=\"auto, (max-width: 620px) 100vw, 620px\" \/><\/a><\/p>\n","protected":false},"excerpt":{"rendered":"&nbsp; &nbsp; &nbsp; &nbsp; &nbsp; &nbsp; Sendikam\u0131z\u0131n \u00fcyelerinden G\u00f6lc\u00fck Belediyesi\u2019nde toplu i\u015f s\u00f6zle\u015fmesi g\u00f6r\u00fc\u015fmeleri sona erdi. G\u00f6lc\u00fck Belediyesi\u2019nde i\u015fveren ad\u0131na [&hellip;]","protected":false},"author":3,"featured_media":3977,"comment_status":"closed","ping_status":"closed","sticky":false,"template":"","format":"standard","meta":{"footnotes":""},"categories":[1,24,25],"tags":[],"class_list":["post-3970","post","type-post","status-publish","format-standard","has-post-thumbnail","hentry","category-haberler","category-sozlesmeler","category-toplantilar"],"_links":{"self":[{"href":"https:\/\/yerelsen.org.tr\/index.php\/wp-json\/wp\/v2\/posts\/3970","targetHints":{"allow":["GET"]}}],"collection":[{"href":"https:\/\/yerelsen.org.tr\/index.php\/wp-json\/wp\/v2\/posts"}],"about":[{"href":"https:\/\/yerelsen.org.tr\/index.php\/wp-json\/wp\/v2\/types\/post"}],"author":[{"embeddable":true,"href":"https:\/\/yerelsen.org.tr\/index.php\/wp-json\/wp\/v2\/users\/3"}],"replies":[{"embeddable":true,"href":"https:\/\/yerelsen.org.tr\/index.php\/wp-json\/wp\/v2\/comments?post=3970"}],"version-history":[{"count":3,"href":"https:\/\/yerelsen.org.tr\/index.php\/wp-json\/wp\/v2\/posts\/3970\/revisions"}],"predecessor-version":[{"id":3987,"href":"https:\/\/yerelsen.org.tr\/index.php\/wp-json\/wp\/v2\/posts\/3970\/revisions\/3987"}],"wp:featuredmedia":[{"embeddable":true,"href":"https:\/\/yerelsen.org.tr\/index.php\/wp-json\/wp\/v2\/media\/3977"}],"wp:attachment":[{"href":"https:\/\/yerelsen.org.tr\/index.php\/wp-json\/wp\/v2\/media?parent=3970"}],"wp:term":[{"taxonomy":"category","embeddable":true,"href":"https:\/\/yerelsen.org.tr\/index.php\/wp-json\/wp\/v2\/categories?post=3970"},{"taxonomy":"post_tag","embeddable":true,"href":"https:\/\/yerelsen.org.tr\/index.php\/wp-json\/wp\/v2\/tags?post=3970"}],"curies":[{"name":"wp","href":"https:\/\/api.w.org\/{rel}","templated":true}]}}