{"id":4006,"date":"2014-07-18T10:47:41","date_gmt":"2014-07-18T08:47:41","guid":{"rendered":"https:\/\/yerelsen.org.tr\/?p=4006"},"modified":"2014-07-18T10:47:41","modified_gmt":"2014-07-18T08:47:41","slug":"hendekte-sozlesme-tamamlandi","status":"publish","type":"post","link":"https:\/\/yerelsen.org.tr\/index.php\/hendekte-sozlesme-tamamlandi\/","title":{"rendered":"HENDEK\u2019TE S\u00d6ZLE\u015eME TAMAMLANDI"},"content":{"rendered":"<p style=\"text-align: justify;\">Sendikam\u0131z \u00fcyelerinden Hendek Belediyesi\u2019nde uygulanmak \u00fczere akdedilecek toplu i\u015f s\u00f6zle\u015fmesi g\u00f6r\u00fc\u015fmeleri sona erdi. Hendek Belediyesi\u2019nde i\u015fveren ad\u0131na g\u00f6r\u00fc\u015fmelere kat\u0131lan sendikam\u0131z ile Hizmet-\u0130\u015f Sendikas\u0131 aras\u0131nda ger\u00e7ekle\u015fen ve 70 belediye i\u015f\u00e7isini ilgilendiren toplu i\u015f s\u00f6zle\u015fmesi 17 Temmuz 2014 tarihinde Hendek Belediyesi\u2019nde imzaland\u0131.<\/p>\n<p style=\"text-align: justify;\">Hendek Belediye Ba\u015fkan\u0131 Ali \u0130nci, Yerelsen Genel Sekreter Yard\u0131mc\u0131s\u0131 Yahya Bilgin, Uzman Cavit Tokp\u0131nar\u2019\u0131n att\u0131\u011f\u0131 imzalarla toplu i\u015f s\u00f6zle\u015fmesi tamamland\u0131. Yerelsen Genel Sekreter Yard\u0131mc\u0131s\u0131 Yahya Bilgin, Hendek Belediyesi\u2019nde yap\u0131lan s\u00f6zle\u015fme sonucunun her iki taraf\u0131 da memnun edecek bir i\u00e7erikte oldu\u011funu ve yap\u0131lan s\u00f6zle\u015fmenin her iki tarafa da hay\u0131rl\u0131 olmas\u0131n\u0131 diledi.<\/p>\n<p style=\"text-align: justify;\">18 ayl\u0131\u011f\u0131na d\u00fczenlenen ve 69 maddeden olu\u015fan s\u00f6zle\u015fmenin imzalanmas\u0131 sonras\u0131nda bir a\u00e7\u0131klama yapan Ba\u015fkan \u0130nci, s\u00f6zle\u015fmenin hay\u0131rl\u0131 olmas\u0131n\u0131 dileyerek \u201c \u0130\u015f\u00e7ilerimizin bir y\u0131ll\u0131k toplu i\u015f s\u00f6zle\u015fmesini tamamlad\u0131k. \u0130ki taraf\u0131 da memnun edecek olan s\u00f6zle\u015fmede idari maddeler ile i\u015f\u00e7i \u00fccretlerine y\u00f6nelik maddeler \u00fczerinde uzla\u015fmaya var\u0131ld\u0131. Her iki tarafa da hay\u0131rl\u0131 olsun\u201d dedi.<\/p>\n","protected":false},"excerpt":{"rendered":"Sendikam\u0131z \u00fcyelerinden Hendek Belediyesi\u2019nde uygulanmak \u00fczere akdedilecek toplu i\u015f s\u00f6zle\u015fmesi g\u00f6r\u00fc\u015fmeleri sona erdi. Hendek Belediyesi\u2019nde i\u015fveren ad\u0131na g\u00f6r\u00fc\u015fmelere kat\u0131lan sendikam\u0131z [&hellip;]","protected":false},"author":3,"featured_media":4007,"comment_status":"closed","ping_status":"closed","sticky":false,"template":"","format":"standard","meta":{"footnotes":""},"categories":[1,24,25],"tags":[],"class_list":["post-4006","post","type-post","status-publish","format-standard","has-post-thumbnail","hentry","category-haberler","category-sozlesmeler","category-toplantilar"],"_links":{"self":[{"href":"https:\/\/yerelsen.org.tr\/index.php\/wp-json\/wp\/v2\/posts\/4006","targetHints":{"allow":["GET"]}}],"collection":[{"href":"https:\/\/yerelsen.org.tr\/index.php\/wp-json\/wp\/v2\/posts"}],"about":[{"href":"https:\/\/yerelsen.org.tr\/index.php\/wp-json\/wp\/v2\/types\/post"}],"author":[{"embeddable":true,"href":"https:\/\/yerelsen.org.tr\/index.php\/wp-json\/wp\/v2\/users\/3"}],"replies":[{"embeddable":true,"href":"https:\/\/yerelsen.org.tr\/index.php\/wp-json\/wp\/v2\/comments?post=4006"}],"version-history":[{"count":1,"href":"https:\/\/yerelsen.org.tr\/index.php\/wp-json\/wp\/v2\/posts\/4006\/revisions"}],"predecessor-version":[{"id":4008,"href":"https:\/\/yerelsen.org.tr\/index.php\/wp-json\/wp\/v2\/posts\/4006\/revisions\/4008"}],"wp:featuredmedia":[{"embeddable":true,"href":"https:\/\/yerelsen.org.tr\/index.php\/wp-json\/wp\/v2\/media\/4007"}],"wp:attachment":[{"href":"https:\/\/yerelsen.org.tr\/index.php\/wp-json\/wp\/v2\/media?parent=4006"}],"wp:term":[{"taxonomy":"category","embeddable":true,"href":"https:\/\/yerelsen.org.tr\/index.php\/wp-json\/wp\/v2\/categories?post=4006"},{"taxonomy":"post_tag","embeddable":true,"href":"https:\/\/yerelsen.org.tr\/index.php\/wp-json\/wp\/v2\/tags?post=4006"}],"curies":[{"name":"wp","href":"https:\/\/api.w.org\/{rel}","templated":true}]}}