{"id":4037,"date":"2014-08-26T16:07:55","date_gmt":"2014-08-26T14:07:55","guid":{"rendered":"https:\/\/yerelsen.org.tr\/?p=4037"},"modified":"2014-08-29T16:15:57","modified_gmt":"2014-08-29T14:15:57","slug":"biasta-imzalar-atildi","status":"publish","type":"post","link":"https:\/\/yerelsen.org.tr\/index.php\/biasta-imzalar-atildi\/","title":{"rendered":"B\u0130A\u015e&#8217;TA \u0130MZALAR ATILDI"},"content":{"rendered":"<p style=\"text-align: justify;\">Sendikam\u0131z \u00fcyelerinden Ba\u015fiskele Belediyesi\u2019nin i\u015ftirak\u00e7i kurulu\u015fu B\u0130A\u015e\u2019ta 360 i\u015f\u00e7iyi kapsayan ve 48 maddeden olu\u015fan toplu i\u015f s\u00f6zle\u015fmesi imzaland\u0131.<\/p>\n<p style=\"text-align: justify;\">11 Mart 2014 tarihinde ba\u015flayan s\u00f6zle\u015fme s\u00fcrecinde i\u015fveren ad\u0131na g\u00f6r\u00fc\u015fmelere kat\u0131lan sendikam\u0131z ile Hizmet-\u0130\u015f Sendikas\u0131 aras\u0131nda ger\u00e7ekle\u015fen toplu i\u015f s\u00f6zle\u015fmesi \u00a015 A\u011fustos \u00a02014 tarihinde imzaland\u0131.<\/p>\n<p style=\"text-align: justify;\">Ba\u015fiskele Belediye Ba\u015fkan\u0131 H\u00fcseyin Ayaz, Bia\u015f y\u00f6neticileri,\u00a0genel sekreterimiz M\u00fcmtaz Uzun ile\u00a0 Cavit Tokp\u0131nar\u2019\u0131n haz\u0131r bulundu\u011fu s\u00f6zle\u015fme imza program\u0131na Hizmet \u0130\u015f Sendikas\u0131 Kocaeli \u015eube Ba\u015fkan\u0131 \u0130dris Ersoy, y\u00f6netim kurulu \u00fcyeleri ve \u00e7ok say\u0131da \u00e7al\u0131\u015fan kat\u0131ld\u0131.<\/p>\n<p style=\"text-align: justify;\">Ba\u015fiskele Belediyesi \u015firket personelini temsilen sendikam\u0131z ile Hizmet \u0130\u015f Sendikas\u0131 aras\u0131nda imzalanan s\u00f6zle\u015fme sonras\u0131 konu\u015fan Ba\u015fiskele Belediye Ba\u015fkan\u0131 H\u00fcseyin Ayaz, \u201cB\u0130A\u015e \u015firketimizde \u00e7al\u0131\u015fan personelimiz i\u00e7in g\u00fcn\u00fcn \u015fartlar\u0131nda \u00e7ok iyi bir de\u011ferde s\u00f6zle\u015fme imzalad\u0131k. Bug\u00fcne kadar B\u0130A\u015e b\u00fcnyesinde \u00e7al\u0131\u015fan arkada\u015flar\u0131m\u0131z huzur i\u00e7erisinde, gecikmeden, al\u0131n terleri kurumadan \u00fccretlerini ald\u0131lar\u201d dedi.<\/p>\n<p style=\"text-align: justify;\">\u0130\u015f\u00e7ilerin yeni \u00fccretlerini de ayn\u0131 \u015fekilde alacaklar\u0131n\u0131 belirten Ayaz, \u201cKendilerine ve ailelerine hay\u0131rl\u0131 olsun. Hakk\u0131yla \u00e7al\u0131\u015f\u0131p kazanan b\u00fct\u00fcn arkada\u015flar\u0131m\u0131za analar\u0131n\u0131n ak s\u00fct\u00fc gibi helali ho\u015f olsun\u201d diyerek konu\u015fmas\u0131n\u0131 noktalad\u0131. \u00a0Genel Sekreterimiz M\u00fcmtaz Uzun ise yap\u0131lan s\u00f6zle\u015fmenin g\u00fcn\u00fcm\u00fcz \u015fartlar\u0131na uygun bir i\u00e7erikte oldu\u011funu vurgulayarak s\u00f6zle\u015fmenin her iki tarafa da hay\u0131rl\u0131 u\u011furlu olmas\u0131n\u0131 diledi.<\/p>\n","protected":false},"excerpt":{"rendered":"Sendikam\u0131z \u00fcyelerinden Ba\u015fiskele Belediyesi\u2019nin i\u015ftirak\u00e7i kurulu\u015fu B\u0130A\u015e\u2019ta 360 i\u015f\u00e7iyi kapsayan ve 48 maddeden olu\u015fan toplu i\u015f s\u00f6zle\u015fmesi imzaland\u0131. 11 Mart [&hellip;]","protected":false},"author":3,"featured_media":4038,"comment_status":"closed","ping_status":"closed","sticky":false,"template":"","format":"standard","meta":{"footnotes":""},"categories":[1,24,25],"tags":[],"class_list":["post-4037","post","type-post","status-publish","format-standard","has-post-thumbnail","hentry","category-haberler","category-sozlesmeler","category-toplantilar"],"_links":{"self":[{"href":"https:\/\/yerelsen.org.tr\/index.php\/wp-json\/wp\/v2\/posts\/4037","targetHints":{"allow":["GET"]}}],"collection":[{"href":"https:\/\/yerelsen.org.tr\/index.php\/wp-json\/wp\/v2\/posts"}],"about":[{"href":"https:\/\/yerelsen.org.tr\/index.php\/wp-json\/wp\/v2\/types\/post"}],"author":[{"embeddable":true,"href":"https:\/\/yerelsen.org.tr\/index.php\/wp-json\/wp\/v2\/users\/3"}],"replies":[{"embeddable":true,"href":"https:\/\/yerelsen.org.tr\/index.php\/wp-json\/wp\/v2\/comments?post=4037"}],"version-history":[{"count":3,"href":"https:\/\/yerelsen.org.tr\/index.php\/wp-json\/wp\/v2\/posts\/4037\/revisions"}],"predecessor-version":[{"id":4042,"href":"https:\/\/yerelsen.org.tr\/index.php\/wp-json\/wp\/v2\/posts\/4037\/revisions\/4042"}],"wp:featuredmedia":[{"embeddable":true,"href":"https:\/\/yerelsen.org.tr\/index.php\/wp-json\/wp\/v2\/media\/4038"}],"wp:attachment":[{"href":"https:\/\/yerelsen.org.tr\/index.php\/wp-json\/wp\/v2\/media?parent=4037"}],"wp:term":[{"taxonomy":"category","embeddable":true,"href":"https:\/\/yerelsen.org.tr\/index.php\/wp-json\/wp\/v2\/categories?post=4037"},{"taxonomy":"post_tag","embeddable":true,"href":"https:\/\/yerelsen.org.tr\/index.php\/wp-json\/wp\/v2\/tags?post=4037"}],"curies":[{"name":"wp","href":"https:\/\/api.w.org\/{rel}","templated":true}]}}