{"id":4047,"date":"2014-09-03T14:29:28","date_gmt":"2014-09-03T12:29:28","guid":{"rendered":"https:\/\/yerelsen.org.tr\/?p=4047"},"modified":"2014-09-03T14:29:28","modified_gmt":"2014-09-03T12:29:28","slug":"basiskelede-imza-toreni","status":"publish","type":"post","link":"https:\/\/yerelsen.org.tr\/index.php\/basiskelede-imza-toreni\/","title":{"rendered":"BA\u015e\u0130SKELE\u2019DE \u0130MZA T\u00d6REN\u0130"},"content":{"rendered":"<p style=\"text-align: justify;\">Sendikam\u0131z\u0131n \u00fcyelerinden Ba\u015fiskele Belediyesi\u2019nde 77 \u00e7al\u0131\u015fan\u0131 ilgilendiren toplu i\u015f s\u00f6zle\u015fmesi g\u00f6r\u00fc\u015fmeleri ba\u015far\u0131yla tamamland\u0131. \u0130\u015f\u00e7i taraf\u0131n\u0131 temsil eden Hizmet-\u0130\u015f Sendikas\u0131 yetkilileriyle y\u00fcr\u00fct\u00fclen g\u00f6r\u00fc\u015fmeler var\u0131lan mutabakat sonucu 03 Eyl\u00fcl 2014 tarihinde toplu i\u015f s\u00f6zle\u015fmesi imza t\u00f6reni yap\u0131ld\u0131.<\/p>\n<p style=\"text-align: justify;\">Ba\u015fiskele Belediyesi Hizmet Binas\u0131\u2019nda yap\u0131lan imza t\u00f6renine Genel Sekreterimiz M\u00fcmtaz Uzun, sendikam\u0131z uzmanlar\u0131 Mete Bilgin, Yavuz Alt\u0131n\u0131\u015f\u0131k, Cavit Tokp\u0131nar ve Murat Arslan\u2019\u0131n yan\u0131 s\u0131ra Ba\u015fiskele\u00a0 Belediye Ba\u015fkan\u0131 H\u00fcseyin Ayaz, Belediye Ba\u015fkan Yard\u0131mc\u0131lar\u0131, Birim M\u00fcd\u00fcrleri ve\u00a0 Hizmet\u00a0 \u0130\u015f Sendikas\u0131\u00a0\u00a0 y\u00f6neticileri kat\u0131ld\u0131.<\/p>\n<p style=\"text-align: justify;\">S\u00f6zle\u015fme g\u00f6r\u00fc\u015fmelerini y\u00fcr\u00fcten taraflara te\u015fekk\u00fcr eden Ayaz, \u00f6zellikle Yerelsen\u2019in s\u00f6zle\u015fme g\u00f6r\u00fc\u015fmelerindeki \u00f6nemine vurgu yaparak, s\u00f6zle\u015fmenin taraflara hay\u0131rl\u0131 olmas\u0131n\u0131 diledi.<\/p>\n<p style=\"text-align: justify;\"><a href=\"https:\/\/yerelsen.org.tr\/wp-content\/uploads\/2014\/09\/DSC_0004.jpg\"><img loading=\"lazy\" decoding=\"async\" class=\"aligncenter size-medium wp-image-4048\" src=\"https:\/\/yerelsen.org.tr\/wp-content\/uploads\/2014\/09\/DSC_0004-620x410.jpg\" alt=\"DSC_0004\" width=\"620\" height=\"410\" srcset=\"https:\/\/yerelsen.org.tr\/wp-content\/uploads\/2014\/09\/DSC_0004-620x410.jpg 620w, https:\/\/yerelsen.org.tr\/wp-content\/uploads\/2014\/09\/DSC_0004.jpg 826w\" sizes=\"auto, (max-width: 620px) 100vw, 620px\" \/><\/a><\/p>\n<p style=\"text-align: justify;\"><a href=\"https:\/\/yerelsen.org.tr\/wp-content\/uploads\/2014\/09\/DSC_0011.jpg\"><img loading=\"lazy\" decoding=\"async\" class=\"aligncenter size-medium wp-image-4050\" src=\"https:\/\/yerelsen.org.tr\/wp-content\/uploads\/2014\/09\/DSC_0011-620x410.jpg\" alt=\"DSC_0011\" width=\"620\" height=\"410\" srcset=\"https:\/\/yerelsen.org.tr\/wp-content\/uploads\/2014\/09\/DSC_0011-620x410.jpg 620w, https:\/\/yerelsen.org.tr\/wp-content\/uploads\/2014\/09\/DSC_0011.jpg 761w\" sizes=\"auto, (max-width: 620px) 100vw, 620px\" \/><\/a><\/p>\n<p style=\"text-align: justify;\"><a href=\"https:\/\/yerelsen.org.tr\/wp-content\/uploads\/2014\/09\/DSC_0004.jpg\"><img loading=\"lazy\" decoding=\"async\" class=\"aligncenter size-medium wp-image-4048\" src=\"https:\/\/yerelsen.org.tr\/wp-content\/uploads\/2014\/09\/DSC_0004-620x410.jpg\" alt=\"DSC_0004\" width=\"620\" height=\"410\" srcset=\"https:\/\/yerelsen.org.tr\/wp-content\/uploads\/2014\/09\/DSC_0004-620x410.jpg 620w, https:\/\/yerelsen.org.tr\/wp-content\/uploads\/2014\/09\/DSC_0004.jpg 826w\" sizes=\"auto, (max-width: 620px) 100vw, 620px\" \/><\/a><\/p>\n<p style=\"text-align: justify;\">\n","protected":false},"excerpt":{"rendered":"Sendikam\u0131z\u0131n \u00fcyelerinden Ba\u015fiskele Belediyesi\u2019nde 77 \u00e7al\u0131\u015fan\u0131 ilgilendiren toplu i\u015f s\u00f6zle\u015fmesi g\u00f6r\u00fc\u015fmeleri ba\u015far\u0131yla tamamland\u0131. \u0130\u015f\u00e7i taraf\u0131n\u0131 temsil eden Hizmet-\u0130\u015f Sendikas\u0131 yetkilileriyle [&hellip;]","protected":false},"author":3,"featured_media":4049,"comment_status":"closed","ping_status":"closed","sticky":false,"template":"","format":"standard","meta":{"footnotes":""},"categories":[1,24,25],"tags":[],"class_list":["post-4047","post","type-post","status-publish","format-standard","has-post-thumbnail","hentry","category-haberler","category-sozlesmeler","category-toplantilar"],"_links":{"self":[{"href":"https:\/\/yerelsen.org.tr\/index.php\/wp-json\/wp\/v2\/posts\/4047","targetHints":{"allow":["GET"]}}],"collection":[{"href":"https:\/\/yerelsen.org.tr\/index.php\/wp-json\/wp\/v2\/posts"}],"about":[{"href":"https:\/\/yerelsen.org.tr\/index.php\/wp-json\/wp\/v2\/types\/post"}],"author":[{"embeddable":true,"href":"https:\/\/yerelsen.org.tr\/index.php\/wp-json\/wp\/v2\/users\/3"}],"replies":[{"embeddable":true,"href":"https:\/\/yerelsen.org.tr\/index.php\/wp-json\/wp\/v2\/comments?post=4047"}],"version-history":[{"count":1,"href":"https:\/\/yerelsen.org.tr\/index.php\/wp-json\/wp\/v2\/posts\/4047\/revisions"}],"predecessor-version":[{"id":4052,"href":"https:\/\/yerelsen.org.tr\/index.php\/wp-json\/wp\/v2\/posts\/4047\/revisions\/4052"}],"wp:featuredmedia":[{"embeddable":true,"href":"https:\/\/yerelsen.org.tr\/index.php\/wp-json\/wp\/v2\/media\/4049"}],"wp:attachment":[{"href":"https:\/\/yerelsen.org.tr\/index.php\/wp-json\/wp\/v2\/media?parent=4047"}],"wp:term":[{"taxonomy":"category","embeddable":true,"href":"https:\/\/yerelsen.org.tr\/index.php\/wp-json\/wp\/v2\/categories?post=4047"},{"taxonomy":"post_tag","embeddable":true,"href":"https:\/\/yerelsen.org.tr\/index.php\/wp-json\/wp\/v2\/tags?post=4047"}],"curies":[{"name":"wp","href":"https:\/\/api.w.org\/{rel}","templated":true}]}}