{"id":4094,"date":"2014-10-16T10:12:57","date_gmt":"2014-10-16T08:12:57","guid":{"rendered":"https:\/\/yerelsen.org.tr\/?p=4094"},"modified":"2014-10-17T11:15:18","modified_gmt":"2014-10-17T09:15:18","slug":"golpazarinda-ilk-oturum","status":"publish","type":"post","link":"https:\/\/yerelsen.org.tr\/index.php\/golpazarinda-ilk-oturum\/","title":{"rendered":"G\u00f6lpazar\u0131&#8217;nda \u0130lk Oturum"},"content":{"rendered":"<p style=\"text-align: justify;\"><a href=\"https:\/\/yerelsen.org.tr\/wp-content\/uploads\/2014\/10\/2-1320-x-773.jpg\"><img loading=\"lazy\" decoding=\"async\" class=\"aligncenter size-medium wp-image-4097\" src=\"https:\/\/yerelsen.org.tr\/wp-content\/uploads\/2014\/10\/2-1320-x-773-620x363.jpg\" alt=\"2 (1320 x 773)\" width=\"620\" height=\"363\" srcset=\"https:\/\/yerelsen.org.tr\/wp-content\/uploads\/2014\/10\/2-1320-x-773-620x363.jpg 620w, https:\/\/yerelsen.org.tr\/wp-content\/uploads\/2014\/10\/2-1320-x-773-850x497.jpg 850w, https:\/\/yerelsen.org.tr\/wp-content\/uploads\/2014\/10\/2-1320-x-773.jpg 1320w\" sizes=\"auto, (max-width: 620px) 100vw, 620px\" \/><\/a><\/p>\n<p style=\"text-align: justify;\">Sendikam\u0131z \u00fcyelerinden Bilecik\u2019e ba\u011fl\u0131 G\u00f6lpazar\u0131 Belediyesi\u2019nde ilk toplu i\u015f s\u00f6zle\u015fmesi g\u00f6r\u00fc\u015fmeleri ba\u015flad\u0131.\u00a0 15 Ekim 2014 tarihinde Yerelsen ile Belediye \u0130\u015f Sendikas\u0131 aras\u0131nda y\u00fcr\u00fct\u00fclen ilk oturum \u00a0G\u00f6lpazar\u0131 Belediyesi\u2019nde ger\u00e7ekle\u015ftirildi.<\/p>\n<p style=\"text-align: justify;\">G\u00f6r\u00fc\u015fme \u00f6ncesinde k\u0131sa bir a\u00e7\u0131klama yapan \u00a0G\u00f6lpazar\u0131 Belediye Ba\u015fkan\u0131 Vedat Kaz\u0131c\u0131 \u201ci\u015f\u00e7ilerimizle yap\u0131lacak bu s\u00f6zle\u015fmede Yerelsen\u2019in hem belediyemize hem de \u00e7al\u0131\u015fanlar\u0131m\u0131za profesyonel anlamda katk\u0131 sa\u011flayaca\u011f\u0131na inan\u0131yorum\u201d diyerek yap\u0131lacak s\u00f6zle\u015fmenin her iki taraf i\u00e7in de hay\u0131rl\u0131 olmas\u0131n\u0131 diledi.<\/p>\n<p style=\"text-align: justify;\">Toplu i\u015f s\u00f6zle\u015fmesi kapsam\u0131nda yap\u0131lan ilk oturuma G\u00f6lpazar\u0131 Belediye Ba\u015fkan\u0131 Vedat Kaz\u0131c\u0131, Mali Hizmetler M\u00fcd\u00fcr vekili Sezgin Erdem\u2019in yan\u0131 s\u0131ra Genel Sekreter Yard\u0131mc\u0131m\u0131z Yahya Bilgin ve sendika uzmanlar\u0131m\u0131zdan Cavit Tokp\u0131nar kat\u0131ld\u0131. Belediye i\u015f\u00e7ilerini temsilen Belediye \u0130\u015f Sendikas\u0131\u2019ndan Belediye \u0130\u015f Sendikas\u0131 Eski\u015fehir \u015eube Ba\u015fkan\u0131 G\u00fcney Demirda\u015f, \u015eube Ba\u015fkan yard\u0131mc\u0131s\u0131 Zeki Duru ve sendika temsilcileri de haz\u0131r bulundu.<\/p>\n<p style=\"text-align: justify;\">Yap\u0131lan oturum sonunda i\u015f\u00e7i sendikas\u0131 taraf\u0131ndan sunulan 49 maddelik s\u00f6zle\u015fme teklif tasla\u011f\u0131ndaki 14 madde \u00fczerinde g\u00f6r\u00fc\u015fme yap\u0131ld\u0131. 3 maddenin kabul edilmesine, kalan maddelerin ise ertelenerek bir 13 Kas\u0131m 2014 tarihinde ger\u00e7ekle\u015fecek ikinci oturumda g\u00f6r\u00fc\u015f\u00fclmesine karar verildi.<\/p>\n","protected":false},"excerpt":{"rendered":"Sendikam\u0131z \u00fcyelerinden Bilecik\u2019e ba\u011fl\u0131 G\u00f6lpazar\u0131 Belediyesi\u2019nde ilk toplu i\u015f s\u00f6zle\u015fmesi g\u00f6r\u00fc\u015fmeleri ba\u015flad\u0131.\u00a0 15 Ekim 2014 tarihinde Yerelsen ile Belediye \u0130\u015f [&hellip;]","protected":false},"author":3,"featured_media":4096,"comment_status":"closed","ping_status":"closed","sticky":false,"template":"","format":"standard","meta":{"footnotes":""},"categories":[1,24,25],"tags":[],"class_list":["post-4094","post","type-post","status-publish","format-standard","has-post-thumbnail","hentry","category-haberler","category-sozlesmeler","category-toplantilar"],"_links":{"self":[{"href":"https:\/\/yerelsen.org.tr\/index.php\/wp-json\/wp\/v2\/posts\/4094","targetHints":{"allow":["GET"]}}],"collection":[{"href":"https:\/\/yerelsen.org.tr\/index.php\/wp-json\/wp\/v2\/posts"}],"about":[{"href":"https:\/\/yerelsen.org.tr\/index.php\/wp-json\/wp\/v2\/types\/post"}],"author":[{"embeddable":true,"href":"https:\/\/yerelsen.org.tr\/index.php\/wp-json\/wp\/v2\/users\/3"}],"replies":[{"embeddable":true,"href":"https:\/\/yerelsen.org.tr\/index.php\/wp-json\/wp\/v2\/comments?post=4094"}],"version-history":[{"count":5,"href":"https:\/\/yerelsen.org.tr\/index.php\/wp-json\/wp\/v2\/posts\/4094\/revisions"}],"predecessor-version":[{"id":4102,"href":"https:\/\/yerelsen.org.tr\/index.php\/wp-json\/wp\/v2\/posts\/4094\/revisions\/4102"}],"wp:featuredmedia":[{"embeddable":true,"href":"https:\/\/yerelsen.org.tr\/index.php\/wp-json\/wp\/v2\/media\/4096"}],"wp:attachment":[{"href":"https:\/\/yerelsen.org.tr\/index.php\/wp-json\/wp\/v2\/media?parent=4094"}],"wp:term":[{"taxonomy":"category","embeddable":true,"href":"https:\/\/yerelsen.org.tr\/index.php\/wp-json\/wp\/v2\/categories?post=4094"},{"taxonomy":"post_tag","embeddable":true,"href":"https:\/\/yerelsen.org.tr\/index.php\/wp-json\/wp\/v2\/tags?post=4094"}],"curies":[{"name":"wp","href":"https:\/\/api.w.org\/{rel}","templated":true}]}}