{"id":4108,"date":"2014-11-06T14:28:15","date_gmt":"2014-11-06T12:28:15","guid":{"rendered":"https:\/\/yerelsen.org.tr\/?p=4108"},"modified":"2014-11-06T14:28:41","modified_gmt":"2014-11-06T12:28:41","slug":"altinorduda-ilk-gorusme-basladi","status":"publish","type":"post","link":"https:\/\/yerelsen.org.tr\/index.php\/altinorduda-ilk-gorusme-basladi\/","title":{"rendered":"Alt\u0131nordu&#8217;da \u0130lk G\u00f6r\u00fc\u015fme Heyecan\u0131"},"content":{"rendered":"<p style=\"text-align: justify;\"><a href=\"https:\/\/yerelsen.org.tr\/wp-content\/uploads\/2014\/11\/alt\u0131nordu2-1710-x-807.jpg\"><img loading=\"lazy\" decoding=\"async\" class=\"aligncenter size-medium wp-image-4110\" src=\"https:\/\/yerelsen.org.tr\/wp-content\/uploads\/2014\/11\/alt\u0131nordu2-1710-x-807-620x292.jpg\" alt=\"alt\u0131nordu2 (1710 x 807)\" width=\"620\" height=\"292\" srcset=\"https:\/\/yerelsen.org.tr\/wp-content\/uploads\/2014\/11\/alt\u0131nordu2-1710-x-807-620x292.jpg 620w, https:\/\/yerelsen.org.tr\/wp-content\/uploads\/2014\/11\/alt\u0131nordu2-1710-x-807-850x401.jpg 850w, https:\/\/yerelsen.org.tr\/wp-content\/uploads\/2014\/11\/alt\u0131nordu2-1710-x-807-130x60.jpg 130w, https:\/\/yerelsen.org.tr\/wp-content\/uploads\/2014\/11\/alt\u0131nordu2-1710-x-807-210x100.jpg 210w, https:\/\/yerelsen.org.tr\/wp-content\/uploads\/2014\/11\/alt\u0131nordu2-1710-x-807.jpg 1710w\" sizes=\"auto, (max-width: 620px) 100vw, 620px\" \/><\/a><\/p>\n<p style=\"text-align: justify;\">Sendikam\u0131z\u0131n yeni \u00fcyelerinden Ordu\u2019ya ba\u011fl\u0131 Alt\u0131nordu Belediye Ba\u015fkanl\u0131\u011f\u0131\u2019nda Yerelsen arac\u0131l\u0131\u011f\u0131 ile yap\u0131lan ilk toplu i\u015f s\u00f6zle\u015fmesi g\u00f6r\u00fc\u015fmeleri ba\u015flad\u0131.\u00a0 05 Kas\u0131m 2014 tarihinde Yerelsen ile Belediye \u0130\u015f Sendikas\u0131 aras\u0131nda y\u00fcr\u00fct\u00fclen ilk oturum \u00a0Alt\u0131nordu Belediye Ba\u015fkanl\u0131\u011f\u0131\u2019nda ger\u00e7ekle\u015ftirildi.<\/p>\n<p style=\"text-align: justify;\">G\u00f6r\u00fc\u015fme \u00f6ncesi Alt\u0131nordu Belediye Ba\u015fkan\u0131 Engin Tekinta\u015f\u2019\u0131 ziyaret eden sendikam\u0131z yetkilileri, y\u00fcr\u00fct\u00fclecek olan toplu i\u015f s\u00f6zle\u015fmesi hakk\u0131nda Ba\u015fkan Tekinta\u015f\u2019a bilgi verdi. Sendikam\u0131z arac\u0131l\u0131\u011f\u0131 ile Alt\u0131nordu Belediyesinde yap\u0131lacak s\u00f6zle\u015fme g\u00f6r\u00fc\u015fmelerinin her iki taraf\u0131 da memnun edecek bir i\u00e7erikle neticelenmesi temennisinde bulunan Ba\u015fkan Tekinta\u015f, s\u00f6zle\u015fmenin i\u015f\u00e7iler aras\u0131nda adaleti sa\u011flayan bir misyonda olmas\u0131 gerekti\u011fini s\u00f6yledi. Belediye Ba\u015fkan\u0131 Engin Tekinta\u015f\u2019la yap\u0131lan g\u00f6r\u00fc\u015fme sonras\u0131nda Belediye \u0130\u015f Sendikas\u0131 yetkilileriyle ilk oturuma ba\u015fland\u0131.<\/p>\n<p style=\"text-align: justify;\"><strong>22 madde kabul edildi<\/strong><\/p>\n<p style=\"text-align: justify;\">Alt\u0131nordu Belediyesi\u2019nde yap\u0131lan ilk s\u00f6zle\u015fme oturumuna Alt\u0131nordu Belediyesi\u2019nde \u0130nsan Kaynaklar\u0131 M\u00fcd\u00fcr Vekili \u00d6mer Aksu, Genel Sekreterimiz Av. M\u00fcmtaz Uzun ve sendika uzmanlar\u0131m\u0131zdan Mete Bilgin ile Yavuz Alt\u0131n\u0131\u015f\u0131k kat\u0131ld\u0131. Belediye \u0130\u015f Sendikas\u0131\u2019ndan ise Belediye \u0130\u015f Sendikas\u0131 \u015eube Ba\u015fkan\u0131 Selim Y\u00f6ndem ve sendika temsilcileri toplant\u0131da haz\u0131r bulundu.<\/p>\n<p style=\"text-align: justify;\">Yap\u0131lan g\u00f6r\u00fc\u015fme sonunda i\u015f\u00e7i sendikas\u0131 taraf\u0131ndan sunulan 75 maddelik s\u00f6zle\u015fme teklif tasla\u011f\u0131ndaki 22 maddenin kabul edilmesine, kalan maddelerin ise ertelenerek bir sonraki oturumda g\u00f6r\u00fc\u015f\u00fclmesi karar verildi.<\/p>\n","protected":false},"excerpt":{"rendered":"Sendikam\u0131z\u0131n yeni \u00fcyelerinden Ordu\u2019ya ba\u011fl\u0131 Alt\u0131nordu Belediye Ba\u015fkanl\u0131\u011f\u0131\u2019nda Yerelsen arac\u0131l\u0131\u011f\u0131 ile yap\u0131lan ilk toplu i\u015f s\u00f6zle\u015fmesi g\u00f6r\u00fc\u015fmeleri ba\u015flad\u0131.\u00a0 05 Kas\u0131m [&hellip;]","protected":false},"author":3,"featured_media":4109,"comment_status":"closed","ping_status":"closed","sticky":false,"template":"","format":"standard","meta":{"footnotes":""},"categories":[1,24,25],"tags":[],"class_list":["post-4108","post","type-post","status-publish","format-standard","has-post-thumbnail","hentry","category-haberler","category-sozlesmeler","category-toplantilar"],"_links":{"self":[{"href":"https:\/\/yerelsen.org.tr\/index.php\/wp-json\/wp\/v2\/posts\/4108","targetHints":{"allow":["GET"]}}],"collection":[{"href":"https:\/\/yerelsen.org.tr\/index.php\/wp-json\/wp\/v2\/posts"}],"about":[{"href":"https:\/\/yerelsen.org.tr\/index.php\/wp-json\/wp\/v2\/types\/post"}],"author":[{"embeddable":true,"href":"https:\/\/yerelsen.org.tr\/index.php\/wp-json\/wp\/v2\/users\/3"}],"replies":[{"embeddable":true,"href":"https:\/\/yerelsen.org.tr\/index.php\/wp-json\/wp\/v2\/comments?post=4108"}],"version-history":[{"count":2,"href":"https:\/\/yerelsen.org.tr\/index.php\/wp-json\/wp\/v2\/posts\/4108\/revisions"}],"predecessor-version":[{"id":4112,"href":"https:\/\/yerelsen.org.tr\/index.php\/wp-json\/wp\/v2\/posts\/4108\/revisions\/4112"}],"wp:featuredmedia":[{"embeddable":true,"href":"https:\/\/yerelsen.org.tr\/index.php\/wp-json\/wp\/v2\/media\/4109"}],"wp:attachment":[{"href":"https:\/\/yerelsen.org.tr\/index.php\/wp-json\/wp\/v2\/media?parent=4108"}],"wp:term":[{"taxonomy":"category","embeddable":true,"href":"https:\/\/yerelsen.org.tr\/index.php\/wp-json\/wp\/v2\/categories?post=4108"},{"taxonomy":"post_tag","embeddable":true,"href":"https:\/\/yerelsen.org.tr\/index.php\/wp-json\/wp\/v2\/tags?post=4108"}],"curies":[{"name":"wp","href":"https:\/\/api.w.org\/{rel}","templated":true}]}}