{"id":4203,"date":"2014-12-15T11:32:09","date_gmt":"2014-12-15T09:32:09","guid":{"rendered":"https:\/\/yerelsen.org.tr\/?p=4203"},"modified":"2014-12-15T11:43:13","modified_gmt":"2014-12-15T09:43:13","slug":"golpazarinda-imza-heyecani","status":"publish","type":"post","link":"https:\/\/yerelsen.org.tr\/index.php\/golpazarinda-imza-heyecani\/","title":{"rendered":"G\u00f6lpazar\u0131\u2019nda \u0130mza Heyecan\u0131"},"content":{"rendered":"<p>Sendikam\u0131z \u00fcyelerinden Bilecik\u2019e ba\u011fl\u0131 G\u00f6lpazar\u0131 Belediyesi\u2019nde uygulanmak \u00fczere akdedilecek toplu i\u015f s\u00f6zle\u015fmesi g\u00f6r\u00fc\u015fmeleri sona erdi. G\u00f6lpazar\u0131 Belediyesi\u2019nde i\u015fveren ad\u0131na g\u00f6r\u00fc\u015fmelere kat\u0131lan sendikam\u0131z ile Belediye-\u0130\u015f Sendikas\u0131 aras\u0131nda ger\u00e7ekle\u015fen toplu i\u015f s\u00f6zle\u015fmesi 12 Aral\u0131k 2014 tarihinde G\u00f6lpazar\u0131 Belediyesi\u2019nde imzaland\u0131.<\/p>\n<p>G\u00f6lpazar\u0131 Belediye Ba\u015fkan\u0131 Vedat Kaz\u0131c\u0131, Yerelsen Genel Sekreter Yard\u0131mc\u0131s\u0131 Yahya Bilgin, Uzman Cavit Tokp\u0131nar\u2019\u0131n att\u0131\u011f\u0131 imzalarla toplu i\u015f s\u00f6zle\u015fmesi tamamland\u0131. Belediye-\u0130\u015f Sendikas\u0131 yetkilileri ve belediye \u00e7al\u0131\u015fanlar\u0131n\u0131n da i\u015ftirak etti\u011fi imza t\u00f6reninde Ba\u015fkan Vedat Kaz\u0131c\u0131, G\u00f6lpazar\u0131 Belediyesi\u2019nde yap\u0131lan s\u00f6zle\u015fmenin masada ba\u011f\u0131tlanmas\u0131n\u0131n sevindirici oldu\u011funu s\u00f6yleyerek at\u0131lan imzalar\u0131n her iki tarafa da hay\u0131rl\u0131 u\u011furlu olmas\u0131n\u0131 diledi.<\/p>\n<p><a href=\"https:\/\/yerelsen.org.tr\/wp-content\/uploads\/2014\/12\/3.jpg\"><img loading=\"lazy\" decoding=\"async\" class=\"aligncenter size-medium wp-image-4205\" src=\"https:\/\/yerelsen.org.tr\/wp-content\/uploads\/2014\/12\/3-620x465.jpg\" alt=\"3\" width=\"620\" height=\"465\" srcset=\"https:\/\/yerelsen.org.tr\/wp-content\/uploads\/2014\/12\/3-620x465.jpg 620w, https:\/\/yerelsen.org.tr\/wp-content\/uploads\/2014\/12\/3-850x637.jpg 850w, https:\/\/yerelsen.org.tr\/wp-content\/uploads\/2014\/12\/3.jpg 2048w\" sizes=\"auto, (max-width: 620px) 100vw, 620px\" \/><\/a><\/p>\n<p><a href=\"https:\/\/yerelsen.org.tr\/wp-content\/uploads\/2014\/12\/4.jpg\"><img loading=\"lazy\" decoding=\"async\" class=\"aligncenter size-medium wp-image-4206\" src=\"https:\/\/yerelsen.org.tr\/wp-content\/uploads\/2014\/12\/4-620x465.jpg\" alt=\"4\" width=\"620\" height=\"465\" srcset=\"https:\/\/yerelsen.org.tr\/wp-content\/uploads\/2014\/12\/4-620x465.jpg 620w, https:\/\/yerelsen.org.tr\/wp-content\/uploads\/2014\/12\/4-850x637.jpg 850w, https:\/\/yerelsen.org.tr\/wp-content\/uploads\/2014\/12\/4.jpg 2048w\" sizes=\"auto, (max-width: 620px) 100vw, 620px\" \/><\/a><\/p>\n","protected":false},"excerpt":{"rendered":"Sendikam\u0131z \u00fcyelerinden Bilecik\u2019e ba\u011fl\u0131 G\u00f6lpazar\u0131 Belediyesi\u2019nde uygulanmak \u00fczere akdedilecek toplu i\u015f s\u00f6zle\u015fmesi g\u00f6r\u00fc\u015fmeleri sona erdi. G\u00f6lpazar\u0131 Belediyesi\u2019nde i\u015fveren ad\u0131na g\u00f6r\u00fc\u015fmelere [&hellip;]","protected":false},"author":3,"featured_media":4204,"comment_status":"closed","ping_status":"closed","sticky":false,"template":"","format":"standard","meta":{"footnotes":""},"categories":[1,24,25],"tags":[],"class_list":["post-4203","post","type-post","status-publish","format-standard","has-post-thumbnail","hentry","category-haberler","category-sozlesmeler","category-toplantilar"],"_links":{"self":[{"href":"https:\/\/yerelsen.org.tr\/index.php\/wp-json\/wp\/v2\/posts\/4203","targetHints":{"allow":["GET"]}}],"collection":[{"href":"https:\/\/yerelsen.org.tr\/index.php\/wp-json\/wp\/v2\/posts"}],"about":[{"href":"https:\/\/yerelsen.org.tr\/index.php\/wp-json\/wp\/v2\/types\/post"}],"author":[{"embeddable":true,"href":"https:\/\/yerelsen.org.tr\/index.php\/wp-json\/wp\/v2\/users\/3"}],"replies":[{"embeddable":true,"href":"https:\/\/yerelsen.org.tr\/index.php\/wp-json\/wp\/v2\/comments?post=4203"}],"version-history":[{"count":2,"href":"https:\/\/yerelsen.org.tr\/index.php\/wp-json\/wp\/v2\/posts\/4203\/revisions"}],"predecessor-version":[{"id":4208,"href":"https:\/\/yerelsen.org.tr\/index.php\/wp-json\/wp\/v2\/posts\/4203\/revisions\/4208"}],"wp:featuredmedia":[{"embeddable":true,"href":"https:\/\/yerelsen.org.tr\/index.php\/wp-json\/wp\/v2\/media\/4204"}],"wp:attachment":[{"href":"https:\/\/yerelsen.org.tr\/index.php\/wp-json\/wp\/v2\/media?parent=4203"}],"wp:term":[{"taxonomy":"category","embeddable":true,"href":"https:\/\/yerelsen.org.tr\/index.php\/wp-json\/wp\/v2\/categories?post=4203"},{"taxonomy":"post_tag","embeddable":true,"href":"https:\/\/yerelsen.org.tr\/index.php\/wp-json\/wp\/v2\/tags?post=4203"}],"curies":[{"name":"wp","href":"https:\/\/api.w.org\/{rel}","templated":true}]}}