{"id":4314,"date":"2015-01-19T09:54:22","date_gmt":"2015-01-19T07:54:22","guid":{"rendered":"https:\/\/yerelsen.org.tr\/?p=4314"},"modified":"2015-01-19T10:21:32","modified_gmt":"2015-01-19T08:21:32","slug":"saruhanlida-ilk-oturum","status":"publish","type":"post","link":"https:\/\/yerelsen.org.tr\/index.php\/saruhanlida-ilk-oturum\/","title":{"rendered":"Saruhanl\u0131\u2019da \u0130lk Oturum"},"content":{"rendered":"<p style=\"text-align: justify;\">Sendikam\u0131z \u00fcyelerinden Manisa\u2019ya ba\u011fl\u0131 Saruhanl\u0131 Belediyesi\u2019nde toplu i\u015f s\u00f6zle\u015fmesi g\u00f6r\u00fc\u015fmeleri ba\u015flad\u0131. 15 Ocak 2015 tarihinde yap\u0131lan ilk oturum Saruhanl\u0131 Belediye Ba\u015fkanl\u0131\u011f\u0131\u2019nda yap\u0131ld\u0131.\u00a0 G\u00f6r\u00fc\u015fmelere Saruhanl\u0131 Belediyesi\u2019ni temsilen Yaz\u0131 \u0130\u015fleri M\u00fcd\u00fcr Vedat Yaral\u0131\u2019\u0131n yan\u0131 s\u0131ra i\u015fveren temsilcisi olarak Genel Sekreter Yard\u0131mc\u0131m\u0131z Yahya Bilgin ve sendikam\u0131z uzmanlar\u0131ndan Cavit Tokp\u0131nar kat\u0131ld\u0131. Belediye \u00e7al\u0131\u015fanlar\u0131n\u0131 ise Hizmet \u0130\u015f Sendikas\u0131 \u015eube Ba\u015fkan\u0131 Nadir \u00dcrkmez\u00a0ile sendika yetkilileri temsil etti.<\/p>\n<p style=\"text-align: justify;\">Ger\u00e7ekle\u015fen ilk oturum sonras\u0131nda Hizmet \u0130\u015f Sendikas\u0131 taraf\u0131ndan verilen teklif tasla\u011f\u0131ndaki 44 maddenin kabul edilmesine kalan maddelerin ise bir sonraki oturumda de\u011ferlendirilmesine karar verildi.<\/p>\n<p style=\"text-align: justify;\"><a href=\"https:\/\/yerelsen.org.tr\/wp-content\/uploads\/2015\/01\/IMG_4435.jpg\"><img loading=\"lazy\" decoding=\"async\" class=\"aligncenter size-medium wp-image-4316\" src=\"https:\/\/yerelsen.org.tr\/wp-content\/uploads\/2015\/01\/IMG_4435-620x385.jpg\" alt=\"IMG_4435\" width=\"620\" height=\"385\" srcset=\"https:\/\/yerelsen.org.tr\/wp-content\/uploads\/2015\/01\/IMG_4435-620x385.jpg 620w, https:\/\/yerelsen.org.tr\/wp-content\/uploads\/2015\/01\/IMG_4435-850x528.jpg 850w, https:\/\/yerelsen.org.tr\/wp-content\/uploads\/2015\/01\/IMG_4435.jpg 1600w\" sizes=\"auto, (max-width: 620px) 100vw, 620px\" \/><\/a><\/p>\n","protected":false},"excerpt":{"rendered":"Sendikam\u0131z \u00fcyelerinden Manisa\u2019ya ba\u011fl\u0131 Saruhanl\u0131 Belediyesi\u2019nde toplu i\u015f s\u00f6zle\u015fmesi g\u00f6r\u00fc\u015fmeleri ba\u015flad\u0131. 15 Ocak 2015 tarihinde yap\u0131lan ilk oturum Saruhanl\u0131 Belediye [&hellip;]","protected":false},"author":3,"featured_media":4315,"comment_status":"closed","ping_status":"closed","sticky":false,"template":"","format":"standard","meta":{"footnotes":""},"categories":[1,73,24,25],"tags":[],"class_list":["post-4314","post","type-post","status-publish","format-standard","has-post-thumbnail","hentry","category-haberler","category-bizden-haberler","category-sozlesmeler","category-toplantilar"],"_links":{"self":[{"href":"https:\/\/yerelsen.org.tr\/index.php\/wp-json\/wp\/v2\/posts\/4314","targetHints":{"allow":["GET"]}}],"collection":[{"href":"https:\/\/yerelsen.org.tr\/index.php\/wp-json\/wp\/v2\/posts"}],"about":[{"href":"https:\/\/yerelsen.org.tr\/index.php\/wp-json\/wp\/v2\/types\/post"}],"author":[{"embeddable":true,"href":"https:\/\/yerelsen.org.tr\/index.php\/wp-json\/wp\/v2\/users\/3"}],"replies":[{"embeddable":true,"href":"https:\/\/yerelsen.org.tr\/index.php\/wp-json\/wp\/v2\/comments?post=4314"}],"version-history":[{"count":3,"href":"https:\/\/yerelsen.org.tr\/index.php\/wp-json\/wp\/v2\/posts\/4314\/revisions"}],"predecessor-version":[{"id":4319,"href":"https:\/\/yerelsen.org.tr\/index.php\/wp-json\/wp\/v2\/posts\/4314\/revisions\/4319"}],"wp:featuredmedia":[{"embeddable":true,"href":"https:\/\/yerelsen.org.tr\/index.php\/wp-json\/wp\/v2\/media\/4315"}],"wp:attachment":[{"href":"https:\/\/yerelsen.org.tr\/index.php\/wp-json\/wp\/v2\/media?parent=4314"}],"wp:term":[{"taxonomy":"category","embeddable":true,"href":"https:\/\/yerelsen.org.tr\/index.php\/wp-json\/wp\/v2\/categories?post=4314"},{"taxonomy":"post_tag","embeddable":true,"href":"https:\/\/yerelsen.org.tr\/index.php\/wp-json\/wp\/v2\/tags?post=4314"}],"curies":[{"name":"wp","href":"https:\/\/api.w.org\/{rel}","templated":true}]}}