{"id":4320,"date":"2015-01-24T01:22:41","date_gmt":"2015-01-23T23:22:41","guid":{"rendered":"https:\/\/yerelsen.org.tr\/?p=4320"},"modified":"2015-01-24T01:22:41","modified_gmt":"2015-01-23T23:22:41","slug":"amasyada-ilk-oturum-heyecani","status":"publish","type":"post","link":"https:\/\/yerelsen.org.tr\/index.php\/amasyada-ilk-oturum-heyecani\/","title":{"rendered":"Amasya\u2019da \u0130lk Oturum Heyecan\u0131"},"content":{"rendered":"<p style=\"text-align: justify;\">Sendikam\u0131z\u0131n \u00fcyelerinden Amasya Belediyesi\u2019nde 2015 y\u0131l\u0131nda akdedilecek toplu i\u015f s\u00f6zle\u015fmesinin ilk oturumu yap\u0131ld\u0131.\u00a0 21 Ocak 2015 tarihinde Yerelsen ile Hizmet \u0130\u015f Sendikas\u0131 aras\u0131nda ger\u00e7ekle\u015ftirilen ilk oturum Amasya Belediyesi\u2019nde ger\u00e7ekle\u015ftirildi.<\/p>\n<p style=\"text-align: justify;\">G\u00f6r\u00fc\u015fme \u00f6ncesinde sendika uzmanlar\u0131m\u0131zdan bilgi alan Ba\u015fkan Cafer \u00d6zdemir, yap\u0131lacak s\u00f6zle\u015fmenin her iki taraf i\u00e7inde hay\u0131rl\u0131 olmas\u0131n\u0131 diledi.<\/p>\n<p style=\"text-align: justify;\">S\u00f6zle\u015fme oturumuna Amasya Belediye Ba\u015fkan Yard\u0131mc\u0131s\u0131 Mehmet D\u00fcmen\u2019in yan\u0131 s\u0131ra i\u015fveren temsilcisi olarak sendikam\u0131z uzmanlar\u0131ndan Hasan Tenlik ve Murat Aslan kat\u0131ld\u0131.\u00a0 Toplant\u0131da i\u015f\u00e7i sendikas\u0131 yetkililerinden Hizmet \u0130\u015f Sendikas\u0131 \u015eube Ba\u015fkan\u0131 \u0130smail Pazar ile sendika yetkilileri haz\u0131r bulundu.<\/p>\n<p style=\"text-align: justify;\">Yap\u0131lan g\u00f6r\u00fc\u015fme sonunda i\u015f\u00e7i sendikas\u0131 taraf\u0131ndan sunulan 63 maddelik s\u00f6zle\u015fme teklif tasla\u011f\u0131ndaki 30 maddenin kabul edilmesine, kalan maddelerin ise ertelenerek bir sonraki oturumda g\u00f6r\u00fc\u015f\u00fclmesi karar verildi.<\/p>\n","protected":false},"excerpt":{"rendered":"Sendikam\u0131z\u0131n \u00fcyelerinden Amasya Belediyesi\u2019nde 2015 y\u0131l\u0131nda akdedilecek toplu i\u015f s\u00f6zle\u015fmesinin ilk oturumu yap\u0131ld\u0131.\u00a0 21 Ocak 2015 tarihinde Yerelsen ile Hizmet [&hellip;]","protected":false},"author":3,"featured_media":4321,"comment_status":"closed","ping_status":"closed","sticky":false,"template":"","format":"standard","meta":{"footnotes":""},"categories":[1,24,25],"tags":[],"class_list":["post-4320","post","type-post","status-publish","format-standard","has-post-thumbnail","hentry","category-haberler","category-sozlesmeler","category-toplantilar"],"_links":{"self":[{"href":"https:\/\/yerelsen.org.tr\/index.php\/wp-json\/wp\/v2\/posts\/4320","targetHints":{"allow":["GET"]}}],"collection":[{"href":"https:\/\/yerelsen.org.tr\/index.php\/wp-json\/wp\/v2\/posts"}],"about":[{"href":"https:\/\/yerelsen.org.tr\/index.php\/wp-json\/wp\/v2\/types\/post"}],"author":[{"embeddable":true,"href":"https:\/\/yerelsen.org.tr\/index.php\/wp-json\/wp\/v2\/users\/3"}],"replies":[{"embeddable":true,"href":"https:\/\/yerelsen.org.tr\/index.php\/wp-json\/wp\/v2\/comments?post=4320"}],"version-history":[{"count":1,"href":"https:\/\/yerelsen.org.tr\/index.php\/wp-json\/wp\/v2\/posts\/4320\/revisions"}],"predecessor-version":[{"id":4322,"href":"https:\/\/yerelsen.org.tr\/index.php\/wp-json\/wp\/v2\/posts\/4320\/revisions\/4322"}],"wp:featuredmedia":[{"embeddable":true,"href":"https:\/\/yerelsen.org.tr\/index.php\/wp-json\/wp\/v2\/media\/4321"}],"wp:attachment":[{"href":"https:\/\/yerelsen.org.tr\/index.php\/wp-json\/wp\/v2\/media?parent=4320"}],"wp:term":[{"taxonomy":"category","embeddable":true,"href":"https:\/\/yerelsen.org.tr\/index.php\/wp-json\/wp\/v2\/categories?post=4320"},{"taxonomy":"post_tag","embeddable":true,"href":"https:\/\/yerelsen.org.tr\/index.php\/wp-json\/wp\/v2\/tags?post=4320"}],"curies":[{"name":"wp","href":"https:\/\/api.w.org\/{rel}","templated":true}]}}