{"id":4324,"date":"2015-01-29T15:04:21","date_gmt":"2015-01-29T13:04:21","guid":{"rendered":"https:\/\/yerelsen.org.tr\/?p=4324"},"modified":"2015-01-29T15:04:21","modified_gmt":"2015-01-29T13:04:21","slug":"taraklida-ilk-sozlesme-gorusmesi","status":"publish","type":"post","link":"https:\/\/yerelsen.org.tr\/index.php\/taraklida-ilk-sozlesme-gorusmesi\/","title":{"rendered":"Tarakl\u0131&#8217;da \u0130lk S\u00f6zle\u015fme G\u00f6r\u00fc\u015fmesi"},"content":{"rendered":"<p>Sendikam\u0131z\u0131n yeni \u00fcyelerinden Sakarya\u2019ya ba\u011fl\u0131 Tarakl\u0131 Belediyesi\u2019nde sendikam\u0131z arac\u0131l\u0131\u011f\u0131yla ilk toplu i\u015f s\u00f6zle\u015fmesi g\u00f6r\u00fc\u015fmesi ba\u015flad\u0131. 20 Ocak 2015 tarihinde yap\u0131lan ilk oturum Tarakl\u0131 Belediye Ba\u015fkanl\u0131\u011f\u0131\u2019nda yap\u0131ld\u0131.\u00a0 Toplant\u0131 \u00f6ncesi Ba\u015fkan Tacettin \u00d6zkaraman\u2019la g\u00f6r\u00fc\u015f\u00fclerek s\u00f6zle\u015fme s\u00fcreci hakk\u0131nda bilgi verildi. Daha sonra toplant\u0131ya ge\u00e7ildi.<\/p>\n<p>G\u00f6r\u00fc\u015fmelere Tarakl\u0131 Belediyesi\u2019ni temsilen Muhasebe \u015eefi \u00d6zcan Koylan ve Genel Sekreter Yard\u0131mc\u0131m\u0131z Yahya Bilgin ile sendikam\u0131z uzmanlar\u0131ndan Cavit Tokp\u0131nar kat\u0131ld\u0131. Belediye \u00e7al\u0131\u015fanlar\u0131n\u0131 ise Hizmet \u0130\u015f Sendikas\u0131 \u015eube Ba\u015fkan\u0131 Mehmet Mesut G\u00f6kdemir ile sendika yetkilileri temsil etti.<\/p>\n<p style=\"text-align: justify;\">Yap\u0131lan g\u00f6r\u00fc\u015fme sonunda Hizmet \u0130\u015f Sendikas\u0131 taraf\u0131ndan verilen 73 maddelik teklif tasla\u011f\u0131ndaki 5 maddenin kabul edilmesine kalan maddelerin ise bir sonraki oturumda g\u00f6r\u00fc\u015f\u00fclmesine karar verildi.<\/p>\n","protected":false},"excerpt":{"rendered":"Sendikam\u0131z\u0131n yeni \u00fcyelerinden Sakarya\u2019ya ba\u011fl\u0131 Tarakl\u0131 Belediyesi\u2019nde sendikam\u0131z arac\u0131l\u0131\u011f\u0131yla ilk toplu i\u015f s\u00f6zle\u015fmesi g\u00f6r\u00fc\u015fmesi ba\u015flad\u0131. 20 Ocak 2015 tarihinde yap\u0131lan [&hellip;]","protected":false},"author":3,"featured_media":4325,"comment_status":"closed","ping_status":"closed","sticky":false,"template":"","format":"standard","meta":{"footnotes":""},"categories":[1,24,25],"tags":[],"class_list":["post-4324","post","type-post","status-publish","format-standard","has-post-thumbnail","hentry","category-haberler","category-sozlesmeler","category-toplantilar"],"_links":{"self":[{"href":"https:\/\/yerelsen.org.tr\/index.php\/wp-json\/wp\/v2\/posts\/4324","targetHints":{"allow":["GET"]}}],"collection":[{"href":"https:\/\/yerelsen.org.tr\/index.php\/wp-json\/wp\/v2\/posts"}],"about":[{"href":"https:\/\/yerelsen.org.tr\/index.php\/wp-json\/wp\/v2\/types\/post"}],"author":[{"embeddable":true,"href":"https:\/\/yerelsen.org.tr\/index.php\/wp-json\/wp\/v2\/users\/3"}],"replies":[{"embeddable":true,"href":"https:\/\/yerelsen.org.tr\/index.php\/wp-json\/wp\/v2\/comments?post=4324"}],"version-history":[{"count":1,"href":"https:\/\/yerelsen.org.tr\/index.php\/wp-json\/wp\/v2\/posts\/4324\/revisions"}],"predecessor-version":[{"id":4326,"href":"https:\/\/yerelsen.org.tr\/index.php\/wp-json\/wp\/v2\/posts\/4324\/revisions\/4326"}],"wp:featuredmedia":[{"embeddable":true,"href":"https:\/\/yerelsen.org.tr\/index.php\/wp-json\/wp\/v2\/media\/4325"}],"wp:attachment":[{"href":"https:\/\/yerelsen.org.tr\/index.php\/wp-json\/wp\/v2\/media?parent=4324"}],"wp:term":[{"taxonomy":"category","embeddable":true,"href":"https:\/\/yerelsen.org.tr\/index.php\/wp-json\/wp\/v2\/categories?post=4324"},{"taxonomy":"post_tag","embeddable":true,"href":"https:\/\/yerelsen.org.tr\/index.php\/wp-json\/wp\/v2\/tags?post=4324"}],"curies":[{"name":"wp","href":"https:\/\/api.w.org\/{rel}","templated":true}]}}