{"id":4343,"date":"2015-02-05T10:06:29","date_gmt":"2015-02-05T08:06:29","guid":{"rendered":"https:\/\/yerelsen.org.tr\/?p=4343"},"modified":"2015-02-05T10:06:29","modified_gmt":"2015-02-05T08:06:29","slug":"cayirovada-ilk-oturum","status":"publish","type":"post","link":"https:\/\/yerelsen.org.tr\/index.php\/cayirovada-ilk-oturum\/","title":{"rendered":"\u00c7ay\u0131rova\u2019da \u0130lk Oturum"},"content":{"rendered":"<p style=\"text-align: justify;\"><a href=\"https:\/\/yerelsen.org.tr\/wp-content\/uploads\/2015\/02\/2-1152-x-676.jpg\"><img loading=\"lazy\" decoding=\"async\" class=\"aligncenter size-medium wp-image-4345\" src=\"https:\/\/yerelsen.org.tr\/wp-content\/uploads\/2015\/02\/2-1152-x-676-620x364.jpg\" alt=\"2 (1152 x 676)\" width=\"620\" height=\"364\" srcset=\"https:\/\/yerelsen.org.tr\/wp-content\/uploads\/2015\/02\/2-1152-x-676-620x364.jpg 620w, https:\/\/yerelsen.org.tr\/wp-content\/uploads\/2015\/02\/2-1152-x-676-850x499.jpg 850w, https:\/\/yerelsen.org.tr\/wp-content\/uploads\/2015\/02\/2-1152-x-676.jpg 1152w\" sizes=\"auto, (max-width: 620px) 100vw, 620px\" \/><\/a><\/p>\n<p style=\"text-align: justify;\">Sendikam\u0131z \u00fcyelerinden \u00c7ay\u0131rova\u00a0Belediyesi\u2019nde bu y\u0131l akdedilecek\u00a0toplu i\u015f s\u00f6zle\u015fmesinin ilk oturumu yap\u0131ld\u0131. 03 \u015eubat 2015 tarihinde Yerelsen ile Hizmet \u0130\u015f Sendikas\u0131 aras\u0131nda ger\u00e7ekle\u015ftirilen ilk oturum \u00c7ay\u0131rova\u00a0Belediyesi\u2019nde ger\u00e7ekle\u015ftirildi.<\/p>\n<p style=\"text-align: justify;\">G\u00f6r\u00fc\u015fme \u00f6ncesi her iki sendikay\u0131 da a\u011f\u0131rlayan Ba\u015fkan \u015eevki Demirci, s\u00f6zle\u015fme s\u00fcreci hakk\u0131nda genel bilgi ald\u0131. G\u00f6r\u00fc\u015fmelerin her iki taraf i\u00e7in de hay\u0131rl\u0131 olmas\u0131n\u0131 dileyen Demirci s\u00f6zle\u015fmenin uzla\u015f\u0131yla, masada sonu\u00e7lanmas\u0131n\u0131n en b\u00fcy\u00fck temennileri oldu\u011funu dile getirdi.<\/p>\n<p style=\"text-align: justify;\">Ba\u015fkan \u015eevki Demirci ile g\u00f6r\u00fc\u015f\u00fcld\u00fckten sonra toplant\u0131ya ge\u00e7ildi. S\u00f6zle\u015fme oturumuna \u00c7ay\u0131rova Belediye Ba\u015fkan Yard\u0131mc\u0131s\u0131 Abdullah Ya\u011fc\u0131, \u0130nsan Kaynaklar\u0131 ve E\u011fitim M\u00fcd\u00fcr\u00fc Hasan Karag\u00f6z\u2019\u00fcn yan\u0131 s\u0131ra i\u015fveren temsilcisi olarak Genel Sekreterimiz Av. M\u00fcmtaz Uzun, Genel Sekreter Yard\u0131mc\u0131m\u0131z Yahya Bilgin, sendikam\u0131z uzmanlar\u0131ndan Mete Bilgin ve Yavuz Alt\u0131n\u0131\u015f\u0131k kat\u0131ld\u0131.\u00a0 Toplant\u0131da i\u015f\u00e7i sendikas\u0131 yetkililerinden Hizmet \u0130\u015f Sendikas\u0131 \u015eube Ba\u015fkan\u0131 \u0130dris Ersoy ile sendika yetkilileri haz\u0131r bulundu.<\/p>\n<p style=\"text-align: justify;\">A\u00e7\u0131l\u0131\u015f g\u00f6r\u00fc\u015fmesi sonunda i\u015f\u00e7i sendikas\u0131 taraf\u0131ndan sunulan teklif tasla\u011f\u0131ndaki d\u00f6rt maddenin kabul edilmesine, kalan maddelerin ise bir sonraki oturumda g\u00f6r\u00fc\u015f\u00fclmesi karar verildi.<\/p>\n","protected":false},"excerpt":{"rendered":"Sendikam\u0131z \u00fcyelerinden \u00c7ay\u0131rova\u00a0Belediyesi\u2019nde bu y\u0131l akdedilecek\u00a0toplu i\u015f s\u00f6zle\u015fmesinin ilk oturumu yap\u0131ld\u0131. 03 \u015eubat 2015 tarihinde Yerelsen ile Hizmet \u0130\u015f Sendikas\u0131 [&hellip;]","protected":false},"author":3,"featured_media":4344,"comment_status":"closed","ping_status":"closed","sticky":false,"template":"","format":"standard","meta":{"footnotes":""},"categories":[1,24,25],"tags":[],"class_list":["post-4343","post","type-post","status-publish","format-standard","has-post-thumbnail","hentry","category-haberler","category-sozlesmeler","category-toplantilar"],"_links":{"self":[{"href":"https:\/\/yerelsen.org.tr\/index.php\/wp-json\/wp\/v2\/posts\/4343","targetHints":{"allow":["GET"]}}],"collection":[{"href":"https:\/\/yerelsen.org.tr\/index.php\/wp-json\/wp\/v2\/posts"}],"about":[{"href":"https:\/\/yerelsen.org.tr\/index.php\/wp-json\/wp\/v2\/types\/post"}],"author":[{"embeddable":true,"href":"https:\/\/yerelsen.org.tr\/index.php\/wp-json\/wp\/v2\/users\/3"}],"replies":[{"embeddable":true,"href":"https:\/\/yerelsen.org.tr\/index.php\/wp-json\/wp\/v2\/comments?post=4343"}],"version-history":[{"count":1,"href":"https:\/\/yerelsen.org.tr\/index.php\/wp-json\/wp\/v2\/posts\/4343\/revisions"}],"predecessor-version":[{"id":4346,"href":"https:\/\/yerelsen.org.tr\/index.php\/wp-json\/wp\/v2\/posts\/4343\/revisions\/4346"}],"wp:featuredmedia":[{"embeddable":true,"href":"https:\/\/yerelsen.org.tr\/index.php\/wp-json\/wp\/v2\/media\/4344"}],"wp:attachment":[{"href":"https:\/\/yerelsen.org.tr\/index.php\/wp-json\/wp\/v2\/media?parent=4343"}],"wp:term":[{"taxonomy":"category","embeddable":true,"href":"https:\/\/yerelsen.org.tr\/index.php\/wp-json\/wp\/v2\/categories?post=4343"},{"taxonomy":"post_tag","embeddable":true,"href":"https:\/\/yerelsen.org.tr\/index.php\/wp-json\/wp\/v2\/tags?post=4343"}],"curies":[{"name":"wp","href":"https:\/\/api.w.org\/{rel}","templated":true}]}}