{"id":4347,"date":"2015-02-05T11:30:31","date_gmt":"2015-02-05T09:30:31","guid":{"rendered":"https:\/\/yerelsen.org.tr\/?p=4347"},"modified":"2015-02-05T13:29:55","modified_gmt":"2015-02-05T11:29:55","slug":"gebzede-gorusmeler-basladi","status":"publish","type":"post","link":"https:\/\/yerelsen.org.tr\/index.php\/gebzede-gorusmeler-basladi\/","title":{"rendered":"Gebze\u2019de G\u00f6r\u00fc\u015fmeler Ba\u015flad\u0131"},"content":{"rendered":"<p style=\"text-align: justify;\"><a href=\"https:\/\/yerelsen.org.tr\/wp-content\/uploads\/2015\/02\/86F4765-888-x-592.jpg\"><img loading=\"lazy\" decoding=\"async\" class=\"aligncenter size-medium wp-image-4349\" src=\"https:\/\/yerelsen.org.tr\/wp-content\/uploads\/2015\/02\/86F4765-888-x-592-620x413.jpg\" alt=\"_86F4765 (888 x 592)\" width=\"620\" height=\"413\" srcset=\"https:\/\/yerelsen.org.tr\/wp-content\/uploads\/2015\/02\/86F4765-888-x-592-620x413.jpg 620w, https:\/\/yerelsen.org.tr\/wp-content\/uploads\/2015\/02\/86F4765-888-x-592-850x567.jpg 850w, https:\/\/yerelsen.org.tr\/wp-content\/uploads\/2015\/02\/86F4765-888-x-592.jpg 888w\" sizes=\"auto, (max-width: 620px) 100vw, 620px\" \/><\/a><\/p>\n<p style=\"text-align: justify;\">Sendikam\u0131z \u00fcyelerinden Gebze Belediyesi\u2019nde 295 belediye \u00e7al\u0131\u015fan\u0131n\u0131 ilgilendiren \u00a0toplu i\u015f s\u00f6zle\u015fmesinin ilk oturumu yap\u0131ld\u0131. 04 \u015eubat 2015 tarihinde Yerelsen ile Hizmet \u0130\u015f Sendikas\u0131 aras\u0131nda ger\u00e7ekle\u015ftirilen ilk oturum Gebze Belediyesi\u2019nde ger\u00e7ekle\u015ftirildi.<\/p>\n<p style=\"text-align: justify;\">G\u00f6r\u00fc\u015fme \u00f6ncesi her iki sendikay\u0131 da a\u011f\u0131rlayan Ba\u015fkan Adnan K\u00f6\u015fker, s\u00f6zle\u015fme s\u00fcreci hakk\u0131nda genel bilgi ald\u0131. S\u00f6zle\u015fme s\u00fcrecinin her iki taraf i\u00e7in de hay\u0131rl\u0131 olmas\u0131n\u0131 dileyen K\u00f6\u015fker \u015f\u00f6yle konu\u015ftu; \u201c\u0130n\u015fallah Yerelsen\u2019le birlikte Hizmet \u0130\u015f bu s\u00f6zle\u015fmeyi masada kar\u015f\u0131l\u0131kl\u0131 olarak bitirecek, uygulamalarda eksiklik varsa d\u00fczeltecek ve \u00fccret noktas\u0131nda g\u00fcn\u00fcn \u015fartlar\u0131na g\u00f6re bir de\u011ferlendirme yapacaklard\u0131r. Bu s\u00f6zle\u015fmenin, bug\u00fcne kadar oldu\u011fu gibi bundan sonra da i\u015f\u00e7i ve i\u015fveren haklar\u0131n\u0131 g\u00f6zeterek bir karara ba\u011flanaca\u011f\u0131na ve uzla\u015f\u0131yla buradan \u00e7\u0131k\u0131laca\u011f\u0131na inan\u0131yorum.\u00a0 Bug\u00fcne kadar yapm\u0131\u015f oldu\u011fu katk\u0131lardan dolay\u0131 Yerelsen\u2019e te\u015fekk\u00fcr ederiz. \u201c<\/p>\n<p style=\"text-align: justify;\">Ba\u015fkan Adnan K\u00f6\u015fker\u2019in de\u011ferlendirmelerinden sonra toplant\u0131ya ge\u00e7ildi. S\u00f6zle\u015fme oturumuna Gebze Belediye Ba\u015fkan Yard\u0131mc\u0131lar\u0131ndan Orhan Sipahio\u011flu, Nilay Ayran, \u0130nsan Kaynaklar\u0131 ve E\u011fitim M\u00fcd\u00fcr\u00fc Ramazan K\u0131l\u0131n\u00e7 ve Mali Hizmetler M\u00fcd\u00fcr Emin G\u00fcltekin\u2019in yan\u0131 s\u0131ra i\u015fveren temsilcisi olarak Genel Sekreterimiz Av. M\u00fcmtaz Uzun, Genel Sekreter Yard\u0131mc\u0131m\u0131z Yahya Bilgin, sendikam\u0131z uzmanlar\u0131ndan Yavuz Alt\u0131n\u0131\u015f\u0131k kat\u0131ld\u0131.\u00a0 Toplant\u0131da i\u015f\u00e7i sendikas\u0131 yetkililerinden Hizmet \u0130\u015f Sendikas\u0131 \u015eube Ba\u015fkan\u0131 \u0130dris Ersoy ile sendika yetkilileri haz\u0131r bulundu.<\/p>\n<p style=\"text-align: justify;\">A\u00e7\u0131l\u0131\u015f g\u00f6r\u00fc\u015fmesi sonunda i\u015f\u00e7i sendikas\u0131 taraf\u0131ndan sunulan teklif tasla\u011f\u0131ndaki d\u00f6rt maddenin kabul edilmesine, kalan maddelerin ise bir sonraki oturumda g\u00f6r\u00fc\u015f\u00fclmesi karar verildi.<\/p>\n","protected":false},"excerpt":{"rendered":"Sendikam\u0131z \u00fcyelerinden Gebze Belediyesi\u2019nde 295 belediye \u00e7al\u0131\u015fan\u0131n\u0131 ilgilendiren \u00a0toplu i\u015f s\u00f6zle\u015fmesinin ilk oturumu yap\u0131ld\u0131. 04 \u015eubat 2015 tarihinde Yerelsen ile [&hellip;]","protected":false},"author":3,"featured_media":4348,"comment_status":"closed","ping_status":"closed","sticky":false,"template":"","format":"standard","meta":{"footnotes":""},"categories":[73,24,25],"tags":[],"class_list":["post-4347","post","type-post","status-publish","format-standard","has-post-thumbnail","hentry","category-bizden-haberler","category-sozlesmeler","category-toplantilar"],"_links":{"self":[{"href":"https:\/\/yerelsen.org.tr\/index.php\/wp-json\/wp\/v2\/posts\/4347","targetHints":{"allow":["GET"]}}],"collection":[{"href":"https:\/\/yerelsen.org.tr\/index.php\/wp-json\/wp\/v2\/posts"}],"about":[{"href":"https:\/\/yerelsen.org.tr\/index.php\/wp-json\/wp\/v2\/types\/post"}],"author":[{"embeddable":true,"href":"https:\/\/yerelsen.org.tr\/index.php\/wp-json\/wp\/v2\/users\/3"}],"replies":[{"embeddable":true,"href":"https:\/\/yerelsen.org.tr\/index.php\/wp-json\/wp\/v2\/comments?post=4347"}],"version-history":[{"count":1,"href":"https:\/\/yerelsen.org.tr\/index.php\/wp-json\/wp\/v2\/posts\/4347\/revisions"}],"predecessor-version":[{"id":4350,"href":"https:\/\/yerelsen.org.tr\/index.php\/wp-json\/wp\/v2\/posts\/4347\/revisions\/4350"}],"wp:featuredmedia":[{"embeddable":true,"href":"https:\/\/yerelsen.org.tr\/index.php\/wp-json\/wp\/v2\/media\/4348"}],"wp:attachment":[{"href":"https:\/\/yerelsen.org.tr\/index.php\/wp-json\/wp\/v2\/media?parent=4347"}],"wp:term":[{"taxonomy":"category","embeddable":true,"href":"https:\/\/yerelsen.org.tr\/index.php\/wp-json\/wp\/v2\/categories?post=4347"},{"taxonomy":"post_tag","embeddable":true,"href":"https:\/\/yerelsen.org.tr\/index.php\/wp-json\/wp\/v2\/tags?post=4347"}],"curies":[{"name":"wp","href":"https:\/\/api.w.org\/{rel}","templated":true}]}}