{"id":4355,"date":"2015-02-13T14:32:59","date_gmt":"2015-02-13T12:32:59","guid":{"rendered":"https:\/\/yerelsen.org.tr\/?p=4355"},"modified":"2015-02-13T15:55:31","modified_gmt":"2015-02-13T13:55:31","slug":"kocaeli-buyuksehirde-gorusmeler-basladi","status":"publish","type":"post","link":"https:\/\/yerelsen.org.tr\/index.php\/kocaeli-buyuksehirde-gorusmeler-basladi\/","title":{"rendered":"Kocaeli B\u00fcy\u00fck\u015fehir\u2019de G\u00f6r\u00fc\u015fmeler Ba\u015flad\u0131"},"content":{"rendered":"<p style=\"text-align: justify;\">Sendikam\u0131z \u00fcyelerinden Kocaeli B\u00fcy\u00fck\u015fehir Belediyesi\u2019nde 1250 \u00e7al\u0131\u015fan\u0131 ilgilendiren Toplu \u0130\u015f S\u00f6zle\u015fmesi g\u00f6r\u00fc\u015fmelerinin ilk oturumu B\u00fcy\u00fck\u015fehir Meclis Salonu\u2019nda yap\u0131ld\u0131 yap\u0131ld\u0131. 12 \u015eubat tarihinde yap\u0131lan g\u00f6r\u00fc\u015fmeye sendikam\u0131zdan Genel Sekreterimiz Av. M\u00fcmtaz Uzun, sendika uzmanlar\u0131m\u0131zdan Hasan Tenlik ve Murat Aslan kat\u0131ld\u0131. Toplant\u0131ya Kocaeli B\u00fcy\u00fck\u015fehir Belediye\u2019sinden \u0130nsan Kaynaklar\u0131 E\u011fitim ve Daire Ba\u015fkan\u0131 Osman Ayvazo\u011flu, Hukuk M\u00fc\u015faviri Necmi \u00d6zen yan\u0131 s\u0131ra Hizmet \u0130\u015f \u015eube Ba\u015fkan\u0131 \u0130dris Ersoy ve sendika temsilcileri kat\u0131ld\u0131.<\/p>\n<p style=\"text-align: justify;\">Toplant\u0131 \u00f6ncesi a\u00e7\u0131klama yapan \u0130nsan Kaynaklar\u0131 E\u011fitim ve Daire Ba\u015fkan\u0131 Osman Ayvazo\u011flu \u201c\u0130lk oturum umar\u0131m hay\u0131rl\u0131 olur. Arkada\u015flar\u0131m\u0131z \u015fehre hizmet eden arkada\u015flar, anla\u015faca\u011f\u0131m\u0131zdan eminim, birbirimizi \u00fczece\u011fimizi sanm\u0131yorum. Biz arkada\u015flara haklar\u0131n\u0131 verece\u011fiz onlar da \u00e7al\u0131\u015facak\u201d dedi. Genel Sekreterimiz M\u00fcmtaz Uzun ise s\u00f6zle\u015fmenin kar\u015f\u0131l\u0131kl\u0131 anla\u015fma ile masa da sonu\u00e7lanaca\u011f\u0131n\u0131 \u00fcmit etti\u011fini s\u00f6yleyerek s\u00fcrecin her iki tarafa da hay\u0131rl\u0131 olmas\u0131n\u0131 diledi.<\/p>\n<p style=\"text-align: justify;\">Yap\u0131lan g\u00f6r\u00fc\u015fme sonunda Hizmet \u0130\u015f Sendikas\u0131 taraf\u0131ndan verilen 61 maddelik teklif tasla\u011f\u0131ndaki 5 maddenin kabul edilmesine kalan maddelerin ise bir sonraki oturumda g\u00f6r\u00fc\u015f\u00fclmesine karar verildi.<\/p>\n","protected":false},"excerpt":{"rendered":"Sendikam\u0131z \u00fcyelerinden Kocaeli B\u00fcy\u00fck\u015fehir Belediyesi\u2019nde 1250 \u00e7al\u0131\u015fan\u0131 ilgilendiren Toplu \u0130\u015f S\u00f6zle\u015fmesi g\u00f6r\u00fc\u015fmelerinin ilk oturumu B\u00fcy\u00fck\u015fehir Meclis Salonu\u2019nda yap\u0131ld\u0131 yap\u0131ld\u0131. 12 [&hellip;]","protected":false},"author":3,"featured_media":4356,"comment_status":"closed","ping_status":"closed","sticky":false,"template":"","format":"standard","meta":{"footnotes":""},"categories":[73,24,25],"tags":[],"class_list":["post-4355","post","type-post","status-publish","format-standard","has-post-thumbnail","hentry","category-bizden-haberler","category-sozlesmeler","category-toplantilar"],"_links":{"self":[{"href":"https:\/\/yerelsen.org.tr\/index.php\/wp-json\/wp\/v2\/posts\/4355","targetHints":{"allow":["GET"]}}],"collection":[{"href":"https:\/\/yerelsen.org.tr\/index.php\/wp-json\/wp\/v2\/posts"}],"about":[{"href":"https:\/\/yerelsen.org.tr\/index.php\/wp-json\/wp\/v2\/types\/post"}],"author":[{"embeddable":true,"href":"https:\/\/yerelsen.org.tr\/index.php\/wp-json\/wp\/v2\/users\/3"}],"replies":[{"embeddable":true,"href":"https:\/\/yerelsen.org.tr\/index.php\/wp-json\/wp\/v2\/comments?post=4355"}],"version-history":[{"count":1,"href":"https:\/\/yerelsen.org.tr\/index.php\/wp-json\/wp\/v2\/posts\/4355\/revisions"}],"predecessor-version":[{"id":4357,"href":"https:\/\/yerelsen.org.tr\/index.php\/wp-json\/wp\/v2\/posts\/4355\/revisions\/4357"}],"wp:featuredmedia":[{"embeddable":true,"href":"https:\/\/yerelsen.org.tr\/index.php\/wp-json\/wp\/v2\/media\/4356"}],"wp:attachment":[{"href":"https:\/\/yerelsen.org.tr\/index.php\/wp-json\/wp\/v2\/media?parent=4355"}],"wp:term":[{"taxonomy":"category","embeddable":true,"href":"https:\/\/yerelsen.org.tr\/index.php\/wp-json\/wp\/v2\/categories?post=4355"},{"taxonomy":"post_tag","embeddable":true,"href":"https:\/\/yerelsen.org.tr\/index.php\/wp-json\/wp\/v2\/tags?post=4355"}],"curies":[{"name":"wp","href":"https:\/\/api.w.org\/{rel}","templated":true}]}}