{"id":4358,"date":"2015-02-13T14:53:57","date_gmt":"2015-02-13T12:53:57","guid":{"rendered":"https:\/\/yerelsen.org.tr\/?p=4358"},"modified":"2015-02-13T15:55:14","modified_gmt":"2015-02-13T13:55:14","slug":"buyuksehirde-saglik-is-sozlesmesi-basladi","status":"publish","type":"post","link":"https:\/\/yerelsen.org.tr\/index.php\/buyuksehirde-saglik-is-sozlesmesi-basladi\/","title":{"rendered":"B\u00fcy\u00fck\u015fehir\u2019de Sa\u011fl\u0131k-\u0130\u015f S\u00f6zle\u015fmesi Ba\u015flad\u0131"},"content":{"rendered":"<p style=\"text-align: justify;\">Sendikam\u0131z\u0131n \u00a0\u00fcyelerinden Kocaeli B\u00fcy\u00fck\u015fehir Belediyesi\u2019nde 200 sa\u011fl\u0131k personelini ilgilendiren toplu i\u015f s\u00f6zle\u015fmesi g\u00f6r\u00fc\u015fmesi ba\u015flad\u0131. 12 Ocak 2015 tarihinde yap\u0131lan ilk oturum Kocaeli B\u00fcy\u00fck\u015fehir Belediyesi Mecli Salonu\u2019nda yap\u0131ld\u0131.<\/p>\n<p style=\"text-align: justify;\">G\u00f6r\u00fc\u015fmelere belediyeyi temsilen \u0130nsan Kaynaklar\u0131 E\u011fitim ve Daire Ba\u015fkan\u0131 Osman Ayvazo\u011flu, Hukuk M\u00fc\u015faviri Necmi \u00d6zen yan\u0131 s\u0131ra Genel Sekreterimiz Av. M\u00fcmtaz Uzun, sendika uzmanlar\u0131m\u0131zdan Hasan Tenlik ve Murat Aslan kat\u0131ld\u0131. Sa\u011fl\u0131k \u00e7al\u0131\u015fanlar\u0131n\u0131 ise Sa\u011fl\u0131k \u0130\u015f Sendikas\u0131 Kocaeli \u015eube Sekreteri Faik Mutlu ile sendika yetkilileri temsil etti.<\/p>\n<p style=\"text-align: justify;\">Yap\u0131lan g\u00f6r\u00fc\u015fme sonunda Sa\u011fl\u0131k \u0130\u015f Sendikas\u0131 taraf\u0131ndan verilen 61 maddelik teklif tasla\u011f\u0131ndaki 5 maddenin kabul edilmesine kalan maddelerin ise bir sonraki oturumda g\u00f6r\u00fc\u015f\u00fclmesine karar verildi.<\/p>\n","protected":false},"excerpt":{"rendered":"Sendikam\u0131z\u0131n \u00a0\u00fcyelerinden Kocaeli B\u00fcy\u00fck\u015fehir Belediyesi\u2019nde 200 sa\u011fl\u0131k personelini ilgilendiren toplu i\u015f s\u00f6zle\u015fmesi g\u00f6r\u00fc\u015fmesi ba\u015flad\u0131. 12 Ocak 2015 tarihinde yap\u0131lan ilk [&hellip;]","protected":false},"author":3,"featured_media":4359,"comment_status":"closed","ping_status":"closed","sticky":false,"template":"","format":"standard","meta":{"footnotes":""},"categories":[73,24,25],"tags":[],"class_list":["post-4358","post","type-post","status-publish","format-standard","has-post-thumbnail","hentry","category-bizden-haberler","category-sozlesmeler","category-toplantilar"],"_links":{"self":[{"href":"https:\/\/yerelsen.org.tr\/index.php\/wp-json\/wp\/v2\/posts\/4358","targetHints":{"allow":["GET"]}}],"collection":[{"href":"https:\/\/yerelsen.org.tr\/index.php\/wp-json\/wp\/v2\/posts"}],"about":[{"href":"https:\/\/yerelsen.org.tr\/index.php\/wp-json\/wp\/v2\/types\/post"}],"author":[{"embeddable":true,"href":"https:\/\/yerelsen.org.tr\/index.php\/wp-json\/wp\/v2\/users\/3"}],"replies":[{"embeddable":true,"href":"https:\/\/yerelsen.org.tr\/index.php\/wp-json\/wp\/v2\/comments?post=4358"}],"version-history":[{"count":1,"href":"https:\/\/yerelsen.org.tr\/index.php\/wp-json\/wp\/v2\/posts\/4358\/revisions"}],"predecessor-version":[{"id":4360,"href":"https:\/\/yerelsen.org.tr\/index.php\/wp-json\/wp\/v2\/posts\/4358\/revisions\/4360"}],"wp:featuredmedia":[{"embeddable":true,"href":"https:\/\/yerelsen.org.tr\/index.php\/wp-json\/wp\/v2\/media\/4359"}],"wp:attachment":[{"href":"https:\/\/yerelsen.org.tr\/index.php\/wp-json\/wp\/v2\/media?parent=4358"}],"wp:term":[{"taxonomy":"category","embeddable":true,"href":"https:\/\/yerelsen.org.tr\/index.php\/wp-json\/wp\/v2\/categories?post=4358"},{"taxonomy":"post_tag","embeddable":true,"href":"https:\/\/yerelsen.org.tr\/index.php\/wp-json\/wp\/v2\/tags?post=4358"}],"curies":[{"name":"wp","href":"https:\/\/api.w.org\/{rel}","templated":true}]}}