{"id":4372,"date":"2015-03-06T10:07:44","date_gmt":"2015-03-06T08:07:44","guid":{"rendered":"https:\/\/yerelsen.org.tr\/?p=4372"},"modified":"2015-03-06T14:09:01","modified_gmt":"2015-03-06T12:09:01","slug":"yildirimda-anlasma-saglandi","status":"publish","type":"post","link":"https:\/\/yerelsen.org.tr\/index.php\/yildirimda-anlasma-saglandi\/","title":{"rendered":"Y\u0131ld\u0131r\u0131m&#8217;da Anla\u015fma Sa\u011fland\u0131"},"content":{"rendered":"<p>&nbsp;<\/p>\n<p style=\"text-align: justify;\"><a href=\"https:\/\/yerelsen.org.tr\/wp-content\/uploads\/2015\/03\/1-1296-x-864.jpg\"><img loading=\"lazy\" decoding=\"async\" class=\"aligncenter size-medium wp-image-4374\" src=\"https:\/\/yerelsen.org.tr\/wp-content\/uploads\/2015\/03\/1-1296-x-864-620x413.jpg\" alt=\"1 (1296 x 864)\" width=\"620\" height=\"413\" srcset=\"https:\/\/yerelsen.org.tr\/wp-content\/uploads\/2015\/03\/1-1296-x-864-620x413.jpg 620w, https:\/\/yerelsen.org.tr\/wp-content\/uploads\/2015\/03\/1-1296-x-864-850x567.jpg 850w, https:\/\/yerelsen.org.tr\/wp-content\/uploads\/2015\/03\/1-1296-x-864.jpg 1296w\" sizes=\"auto, (max-width: 620px) 100vw, 620px\" \/><\/a>Sendikam\u0131z\u0131n \u00fcyelerinden Bursa\u2019ya ba\u011fl\u0131 Y\u0131ld\u0131r\u0131m Belediyesi\u2019nde uygulanmak \u00fczere akdedilecek toplu i\u015f s\u00f6zle\u015fmesi g\u00f6r\u00fc\u015fmeleri nihayete erdi. Y\u0131ld\u0131r\u0131m Belediyesi\u2019nde i\u015fveren ad\u0131na g\u00f6r\u00fc\u015fmelere kat\u0131lan sendikam\u0131z ile Hizmet-\u0130\u015f Sendikas\u0131 aras\u0131nda ger\u00e7ekle\u015fen toplu i\u015f s\u00f6zle\u015fmesi 24 \u015eubat 2015 tarihinde taraflar aras\u0131 mutabakatla masada ba\u011f\u0131tland\u0131.<\/p>\n<p style=\"text-align: justify;\">Sendikam\u0131z ile Hizmet \u0130\u015f Sendikas\u0131 yetkilileri aras\u0131nda ger\u00e7ekle\u015fen toplu i\u015f s\u00f6zle\u015fmesi anla\u015fma toplant\u0131s\u0131nda Y\u0131ld\u0131r\u0131m Belediyesi\u2019ni Belediye Ba\u015fkan\u0131 Yard\u0131mc\u0131s\u0131 M\u00fccahit Alkan ve Mali Hizmetler M\u00fcd\u00fcr\u00fc Hakk\u0131 Togay Y\u0131lmaz temsil etti. \u0130\u015fveren taraf\u0131nda Yerelsen ad\u0131na Sendikam\u0131z Genel Sekreteri Av. M\u00fcmtaz Uzun ve sendika uzmanlar\u0131ndan Mete Bilgin ve Yavuz Alt\u0131n\u0131\u015f\u0131k yer ald\u0131.<\/p>\n","protected":false},"excerpt":{"rendered":"&nbsp; Sendikam\u0131z\u0131n \u00fcyelerinden Bursa\u2019ya ba\u011fl\u0131 Y\u0131ld\u0131r\u0131m Belediyesi\u2019nde uygulanmak \u00fczere akdedilecek toplu i\u015f s\u00f6zle\u015fmesi g\u00f6r\u00fc\u015fmeleri nihayete erdi. Y\u0131ld\u0131r\u0131m Belediyesi\u2019nde i\u015fveren ad\u0131na [&hellip;]","protected":false},"author":3,"featured_media":4375,"comment_status":"closed","ping_status":"closed","sticky":false,"template":"","format":"standard","meta":{"footnotes":""},"categories":[73,24,25],"tags":[],"class_list":["post-4372","post","type-post","status-publish","format-standard","has-post-thumbnail","hentry","category-bizden-haberler","category-sozlesmeler","category-toplantilar"],"_links":{"self":[{"href":"https:\/\/yerelsen.org.tr\/index.php\/wp-json\/wp\/v2\/posts\/4372","targetHints":{"allow":["GET"]}}],"collection":[{"href":"https:\/\/yerelsen.org.tr\/index.php\/wp-json\/wp\/v2\/posts"}],"about":[{"href":"https:\/\/yerelsen.org.tr\/index.php\/wp-json\/wp\/v2\/types\/post"}],"author":[{"embeddable":true,"href":"https:\/\/yerelsen.org.tr\/index.php\/wp-json\/wp\/v2\/users\/3"}],"replies":[{"embeddable":true,"href":"https:\/\/yerelsen.org.tr\/index.php\/wp-json\/wp\/v2\/comments?post=4372"}],"version-history":[{"count":3,"href":"https:\/\/yerelsen.org.tr\/index.php\/wp-json\/wp\/v2\/posts\/4372\/revisions"}],"predecessor-version":[{"id":4383,"href":"https:\/\/yerelsen.org.tr\/index.php\/wp-json\/wp\/v2\/posts\/4372\/revisions\/4383"}],"wp:featuredmedia":[{"embeddable":true,"href":"https:\/\/yerelsen.org.tr\/index.php\/wp-json\/wp\/v2\/media\/4375"}],"wp:attachment":[{"href":"https:\/\/yerelsen.org.tr\/index.php\/wp-json\/wp\/v2\/media?parent=4372"}],"wp:term":[{"taxonomy":"category","embeddable":true,"href":"https:\/\/yerelsen.org.tr\/index.php\/wp-json\/wp\/v2\/categories?post=4372"},{"taxonomy":"post_tag","embeddable":true,"href":"https:\/\/yerelsen.org.tr\/index.php\/wp-json\/wp\/v2\/tags?post=4372"}],"curies":[{"name":"wp","href":"https:\/\/api.w.org\/{rel}","templated":true}]}}