{"id":4379,"date":"2015-03-06T14:08:18","date_gmt":"2015-03-06T12:08:18","guid":{"rendered":"https:\/\/yerelsen.org.tr\/?p=4379"},"modified":"2015-03-06T14:08:18","modified_gmt":"2015-03-06T12:08:18","slug":"kirsehirde-mutlu-son","status":"publish","type":"post","link":"https:\/\/yerelsen.org.tr\/index.php\/kirsehirde-mutlu-son\/","title":{"rendered":"K\u0131r\u015fehir&#8217;de Mutlu Son"},"content":{"rendered":"<p><a href=\"https:\/\/yerelsen.org.tr\/wp-content\/uploads\/2015\/03\/IMG_20150227_153059.jpg\"><img loading=\"lazy\" decoding=\"async\" class=\"aligncenter size-medium wp-image-4381\" src=\"https:\/\/yerelsen.org.tr\/wp-content\/uploads\/2015\/03\/IMG_20150227_153059-620x465.jpg\" alt=\"IMG_20150227_153059\" width=\"620\" height=\"465\" srcset=\"https:\/\/yerelsen.org.tr\/wp-content\/uploads\/2015\/03\/IMG_20150227_153059-620x465.jpg 620w, https:\/\/yerelsen.org.tr\/wp-content\/uploads\/2015\/03\/IMG_20150227_153059-850x638.jpg 850w\" sizes=\"auto, (max-width: 620px) 100vw, 620px\" \/><\/a><\/p>\n<p style=\"text-align: justify;\">Sendikam\u0131z \u00fcyelerinden K\u0131r\u015fehir Belediyesi\u2019nde uygulanmak \u00fczere akdedilecek toplu i\u015f s\u00f6zle\u015fmesi g\u00f6r\u00fc\u015fmeleri sona erdi. K\u0131r\u015fehir Belediyesi\u2019nde i\u015fveren ad\u0131na g\u00f6r\u00fc\u015fmelere kat\u0131lan sendikam\u0131z ile Hizmet-\u0130\u015f Sendikas\u0131 aras\u0131nda ger\u00e7ekle\u015fen toplu i\u015f s\u00f6zle\u015fmesi K\u0131r\u015fehir Belediyesi\u2019nde yap\u0131lan toplant\u0131 sonucunda anla\u015fmaya var\u0131larak imzaland\u0131. 64 as\u0131l bir ge\u00e7ici maddeden olu\u015fan s\u00f6zle\u015fme, at\u0131lan imzalar sonunda 3 y\u0131l s\u00fcreli\u011fine y\u00fcr\u00fcrl\u00fc\u011fe girdi.<\/p>\n","protected":false},"excerpt":{"rendered":"Sendikam\u0131z \u00fcyelerinden K\u0131r\u015fehir Belediyesi\u2019nde uygulanmak \u00fczere akdedilecek toplu i\u015f s\u00f6zle\u015fmesi g\u00f6r\u00fc\u015fmeleri sona erdi. K\u0131r\u015fehir Belediyesi\u2019nde i\u015fveren ad\u0131na g\u00f6r\u00fc\u015fmelere kat\u0131lan sendikam\u0131z [&hellip;]","protected":false},"author":3,"featured_media":4380,"comment_status":"closed","ping_status":"closed","sticky":false,"template":"","format":"standard","meta":{"footnotes":""},"categories":[1,24,25],"tags":[],"class_list":["post-4379","post","type-post","status-publish","format-standard","has-post-thumbnail","hentry","category-haberler","category-sozlesmeler","category-toplantilar"],"_links":{"self":[{"href":"https:\/\/yerelsen.org.tr\/index.php\/wp-json\/wp\/v2\/posts\/4379","targetHints":{"allow":["GET"]}}],"collection":[{"href":"https:\/\/yerelsen.org.tr\/index.php\/wp-json\/wp\/v2\/posts"}],"about":[{"href":"https:\/\/yerelsen.org.tr\/index.php\/wp-json\/wp\/v2\/types\/post"}],"author":[{"embeddable":true,"href":"https:\/\/yerelsen.org.tr\/index.php\/wp-json\/wp\/v2\/users\/3"}],"replies":[{"embeddable":true,"href":"https:\/\/yerelsen.org.tr\/index.php\/wp-json\/wp\/v2\/comments?post=4379"}],"version-history":[{"count":1,"href":"https:\/\/yerelsen.org.tr\/index.php\/wp-json\/wp\/v2\/posts\/4379\/revisions"}],"predecessor-version":[{"id":4382,"href":"https:\/\/yerelsen.org.tr\/index.php\/wp-json\/wp\/v2\/posts\/4379\/revisions\/4382"}],"wp:featuredmedia":[{"embeddable":true,"href":"https:\/\/yerelsen.org.tr\/index.php\/wp-json\/wp\/v2\/media\/4380"}],"wp:attachment":[{"href":"https:\/\/yerelsen.org.tr\/index.php\/wp-json\/wp\/v2\/media?parent=4379"}],"wp:term":[{"taxonomy":"category","embeddable":true,"href":"https:\/\/yerelsen.org.tr\/index.php\/wp-json\/wp\/v2\/categories?post=4379"},{"taxonomy":"post_tag","embeddable":true,"href":"https:\/\/yerelsen.org.tr\/index.php\/wp-json\/wp\/v2\/tags?post=4379"}],"curies":[{"name":"wp","href":"https:\/\/api.w.org\/{rel}","templated":true}]}}