{"id":4390,"date":"2015-03-24T10:04:26","date_gmt":"2015-03-24T08:04:26","guid":{"rendered":"https:\/\/yerelsen.org.tr\/?p=4390"},"modified":"2015-03-24T10:04:26","modified_gmt":"2015-03-24T08:04:26","slug":"amasyada-anlasma-saglandi","status":"publish","type":"post","link":"https:\/\/yerelsen.org.tr\/index.php\/amasyada-anlasma-saglandi\/","title":{"rendered":"Amasya\u2019da Anla\u015fma Sa\u011fland\u0131"},"content":{"rendered":"<p style=\"text-align: justify;\"><a href=\"https:\/\/yerelsen.org.tr\/wp-content\/uploads\/2015\/03\/IMG_6844.jpg\"><img loading=\"lazy\" decoding=\"async\" class=\"aligncenter size-medium wp-image-4392\" src=\"https:\/\/yerelsen.org.tr\/wp-content\/uploads\/2015\/03\/IMG_6844-620x413.jpg\" alt=\"IMG_6844\" width=\"620\" height=\"413\" srcset=\"https:\/\/yerelsen.org.tr\/wp-content\/uploads\/2015\/03\/IMG_6844-620x413.jpg 620w, https:\/\/yerelsen.org.tr\/wp-content\/uploads\/2015\/03\/IMG_6844-850x567.jpg 850w\" sizes=\"auto, (max-width: 620px) 100vw, 620px\" \/><\/a><\/p>\n<p style=\"text-align: justify;\">Sendikam\u0131z \u00fcyelerinden Amasya Belediyesi\u2019nde uygulanmak \u00fczere akdedilecek toplu i\u015f s\u00f6zle\u015fmesi g\u00f6r\u00fc\u015fmeleri sona erdi. Amasya Belediyesi\u2019nde i\u015fveren ad\u0131na g\u00f6r\u00fc\u015fmelere kat\u0131lan sendikam\u0131z ile Hizmet-\u0130\u015f Sendikas\u0131 aras\u0131nda ger\u00e7ekle\u015fen ve 150 belediye i\u015f\u00e7isini ilgilendiren toplu i\u015f s\u00f6zle\u015fmesi 05 Mart 2015 tarihinde Amasya Belediyesi\u2019nde imzaland\u0131.<\/p>\n<p style=\"text-align: justify;\">Amasya Belediye Ba\u015fkan\u0131 Cafer \u00d6zdemir, Yerelsen uzmanlar\u0131ndan Hasan Tenlik ve Murat Aslan\u2019\u0131n att\u0131\u011f\u0131 imzalarla toplu i\u015f s\u00f6zle\u015fmesi tamamland\u0131.<\/p>\n<p style=\"text-align: justify;\">2 y\u0131ll\u0131\u011f\u0131na d\u00fczenlenen ve 63 maddeden olu\u015fan s\u00f6zle\u015fmenin imzalanmas\u0131 sonras\u0131nda bir a\u00e7\u0131klama yapan Ba\u015fkan Cafer \u00d6zdemir, s\u00f6zle\u015fmenin her iki tarafa da hay\u0131rl\u0131 olmas\u0131n\u0131 diledi. \u00c7al\u0131\u015fan\u0131n eme\u011finin, al\u0131n terinin kutsal oldu\u011funu kaydeden Ba\u015fkan \u00d6zdemir, bunlar\u0131n kar\u015f\u0131l\u0131\u011f\u0131n\u0131n zaman\u0131nda ve hakkaniyetle verilmesi gerekti\u011fini s\u00f6yledi.<\/p>\n","protected":false},"excerpt":{"rendered":"Sendikam\u0131z \u00fcyelerinden Amasya Belediyesi\u2019nde uygulanmak \u00fczere akdedilecek toplu i\u015f s\u00f6zle\u015fmesi g\u00f6r\u00fc\u015fmeleri sona erdi. Amasya Belediyesi\u2019nde i\u015fveren ad\u0131na g\u00f6r\u00fc\u015fmelere kat\u0131lan sendikam\u0131z [&hellip;]","protected":false},"author":3,"featured_media":4391,"comment_status":"closed","ping_status":"closed","sticky":false,"template":"","format":"standard","meta":{"footnotes":""},"categories":[1,24,25],"tags":[],"class_list":["post-4390","post","type-post","status-publish","format-standard","has-post-thumbnail","hentry","category-haberler","category-sozlesmeler","category-toplantilar"],"_links":{"self":[{"href":"https:\/\/yerelsen.org.tr\/index.php\/wp-json\/wp\/v2\/posts\/4390","targetHints":{"allow":["GET"]}}],"collection":[{"href":"https:\/\/yerelsen.org.tr\/index.php\/wp-json\/wp\/v2\/posts"}],"about":[{"href":"https:\/\/yerelsen.org.tr\/index.php\/wp-json\/wp\/v2\/types\/post"}],"author":[{"embeddable":true,"href":"https:\/\/yerelsen.org.tr\/index.php\/wp-json\/wp\/v2\/users\/3"}],"replies":[{"embeddable":true,"href":"https:\/\/yerelsen.org.tr\/index.php\/wp-json\/wp\/v2\/comments?post=4390"}],"version-history":[{"count":1,"href":"https:\/\/yerelsen.org.tr\/index.php\/wp-json\/wp\/v2\/posts\/4390\/revisions"}],"predecessor-version":[{"id":4393,"href":"https:\/\/yerelsen.org.tr\/index.php\/wp-json\/wp\/v2\/posts\/4390\/revisions\/4393"}],"wp:featuredmedia":[{"embeddable":true,"href":"https:\/\/yerelsen.org.tr\/index.php\/wp-json\/wp\/v2\/media\/4391"}],"wp:attachment":[{"href":"https:\/\/yerelsen.org.tr\/index.php\/wp-json\/wp\/v2\/media?parent=4390"}],"wp:term":[{"taxonomy":"category","embeddable":true,"href":"https:\/\/yerelsen.org.tr\/index.php\/wp-json\/wp\/v2\/categories?post=4390"},{"taxonomy":"post_tag","embeddable":true,"href":"https:\/\/yerelsen.org.tr\/index.php\/wp-json\/wp\/v2\/tags?post=4390"}],"curies":[{"name":"wp","href":"https:\/\/api.w.org\/{rel}","templated":true}]}}