{"id":4394,"date":"2015-03-24T10:30:08","date_gmt":"2015-03-24T08:30:08","guid":{"rendered":"https:\/\/yerelsen.org.tr\/?p=4394"},"modified":"2015-03-24T10:53:45","modified_gmt":"2015-03-24T08:53:45","slug":"sogutlude-ilk-oturum","status":"publish","type":"post","link":"https:\/\/yerelsen.org.tr\/index.php\/sogutlude-ilk-oturum\/","title":{"rendered":"S\u00f6\u011f\u00fctl\u00fc\u2019de \u0130lk Oturum"},"content":{"rendered":"<p style=\"text-align: justify;\">Sendikam\u0131z \u00fcyelerinden S\u00f6\u011f\u00fctl\u00fc Belediyesi\u2019nde toplu i\u015f s\u00f6zle\u015fmesi g\u00f6r\u00fc\u015fmeleri ba\u015flad\u0131. 12 Mart 2015 tarihinde ba\u015flayan g\u00f6r\u00fc\u015fmelere S\u00f6\u011f\u00fctl\u00fc Belediyesi\u2019ni temsilen sendikam\u0131z uzmanlar\u0131ndan Hasan Tenlik ve Murat Aslan kat\u0131ld\u0131. S\u00f6\u011f\u00fctl\u00fc Belediye Ba\u015fkan\u0131 H\u00fcseyin Gen\u00e7 ile\u00a0Belediye Ba\u015fkan Yard\u0131mc\u0131s\u0131 Sami Ayd\u0131n\u2019\u0131n da haz\u0131r bulundu\u011fu toplant\u0131ya S\u00f6\u011f\u00fctl\u00fc Belediyesi\u2019nde \u00f6rg\u00fctl\u00fc bulunan Belediye \u0130\u015f sendikas\u0131ndan Osman \u015ear ile sendika \u00fcyeleri ve i\u015fyeri temsilcisi kat\u0131ld\u0131.<\/p>\n","protected":false},"excerpt":{"rendered":"Sendikam\u0131z \u00fcyelerinden S\u00f6\u011f\u00fctl\u00fc Belediyesi\u2019nde toplu i\u015f s\u00f6zle\u015fmesi g\u00f6r\u00fc\u015fmeleri ba\u015flad\u0131. 12 Mart 2015 tarihinde ba\u015flayan g\u00f6r\u00fc\u015fmelere S\u00f6\u011f\u00fctl\u00fc Belediyesi\u2019ni temsilen sendikam\u0131z uzmanlar\u0131ndan [&hellip;]","protected":false},"author":3,"featured_media":4396,"comment_status":"closed","ping_status":"closed","sticky":false,"template":"","format":"standard","meta":{"footnotes":""},"categories":[1,24,25],"tags":[],"class_list":["post-4394","post","type-post","status-publish","format-standard","has-post-thumbnail","hentry","category-haberler","category-sozlesmeler","category-toplantilar"],"_links":{"self":[{"href":"https:\/\/yerelsen.org.tr\/index.php\/wp-json\/wp\/v2\/posts\/4394","targetHints":{"allow":["GET"]}}],"collection":[{"href":"https:\/\/yerelsen.org.tr\/index.php\/wp-json\/wp\/v2\/posts"}],"about":[{"href":"https:\/\/yerelsen.org.tr\/index.php\/wp-json\/wp\/v2\/types\/post"}],"author":[{"embeddable":true,"href":"https:\/\/yerelsen.org.tr\/index.php\/wp-json\/wp\/v2\/users\/3"}],"replies":[{"embeddable":true,"href":"https:\/\/yerelsen.org.tr\/index.php\/wp-json\/wp\/v2\/comments?post=4394"}],"version-history":[{"count":3,"href":"https:\/\/yerelsen.org.tr\/index.php\/wp-json\/wp\/v2\/posts\/4394\/revisions"}],"predecessor-version":[{"id":4405,"href":"https:\/\/yerelsen.org.tr\/index.php\/wp-json\/wp\/v2\/posts\/4394\/revisions\/4405"}],"wp:featuredmedia":[{"embeddable":true,"href":"https:\/\/yerelsen.org.tr\/index.php\/wp-json\/wp\/v2\/media\/4396"}],"wp:attachment":[{"href":"https:\/\/yerelsen.org.tr\/index.php\/wp-json\/wp\/v2\/media?parent=4394"}],"wp:term":[{"taxonomy":"category","embeddable":true,"href":"https:\/\/yerelsen.org.tr\/index.php\/wp-json\/wp\/v2\/categories?post=4394"},{"taxonomy":"post_tag","embeddable":true,"href":"https:\/\/yerelsen.org.tr\/index.php\/wp-json\/wp\/v2\/tags?post=4394"}],"curies":[{"name":"wp","href":"https:\/\/api.w.org\/{rel}","templated":true}]}}