{"id":4411,"date":"2015-03-26T15:53:20","date_gmt":"2015-03-26T13:53:20","guid":{"rendered":"https:\/\/yerelsen.org.tr\/?p=4411"},"modified":"2015-03-26T15:53:20","modified_gmt":"2015-03-26T13:53:20","slug":"bursa-buyuksehir-ve-buskide-ilk-oturum-heyecani","status":"publish","type":"post","link":"https:\/\/yerelsen.org.tr\/index.php\/bursa-buyuksehir-ve-buskide-ilk-oturum-heyecani\/","title":{"rendered":"Bursa B\u00fcy\u00fck\u015fehir ve BUSK\u0130\u2019de \u0130lk Oturum Heyecan\u0131"},"content":{"rendered":"<p style=\"text-align: justify;\"><a href=\"https:\/\/yerelsen.org.tr\/wp-content\/uploads\/2015\/03\/2-1296-x-8641.jpg\"><img loading=\"lazy\" decoding=\"async\" class=\"aligncenter size-medium wp-image-4412\" src=\"https:\/\/yerelsen.org.tr\/wp-content\/uploads\/2015\/03\/2-1296-x-8641-620x413.jpg\" alt=\"2 (1296 x 864)\" width=\"620\" height=\"413\" srcset=\"https:\/\/yerelsen.org.tr\/wp-content\/uploads\/2015\/03\/2-1296-x-8641-620x413.jpg 620w, https:\/\/yerelsen.org.tr\/wp-content\/uploads\/2015\/03\/2-1296-x-8641-850x567.jpg 850w, https:\/\/yerelsen.org.tr\/wp-content\/uploads\/2015\/03\/2-1296-x-8641.jpg 1296w\" sizes=\"auto, (max-width: 620px) 100vw, 620px\" \/><\/a><\/p>\n<p style=\"text-align: justify;\">Sendikam\u0131z \u00fcyelerinden Bursa B\u00fcy\u00fck\u015fehir Belediyesi ile b\u00fcy\u00fck\u015fehir i\u015ftiraklerinden BUSK\u0130 \u00e7al\u0131\u015fanlar\u0131n\u0131 ilgilendiren toplu i\u015f s\u00f6zle\u015fmesi g\u00f6r\u00fc\u015fmeleri ba\u015flad\u0131. 25 Mart 2014 tarihinde sendikam\u0131z ile Hizmet \u0130\u015f sendikas\u0131 aras\u0131nda yap\u0131lan ilk oturum BUSK\u0130 kurum binas\u0131nda yap\u0131ld\u0131.<\/p>\n<p style=\"text-align: justify;\">G\u00f6r\u00fc\u015fmeye Bursa B\u00fcy\u00fck\u015fehir Belediyesi\u2019ni temsilen B\u00fcy\u00fck\u015fehir Genel Sekreter Yard\u0131mc\u0131s\u0131 Ne\u015fet \u00c7akmakl\u0131, \u0130nsan Kaynaklar\u0131 Daire Ba\u015fkan\u0131 Muammer Karaduman ve \u00a0BUSK\u0130\u2019yi temsilen ise \u0130nsan Kaynaklar\u0131 \u015eube M\u00fcd\u00fcr\u00fc Hac\u0131 \u0130smail G\u00fcne\u015f ve \u00d6zl\u00fck \u0130\u015fleri \u015eube M\u00fcd\u00fcr\u00fc Mustafa Ceylan\u2019\u0131n yan\u0131 s\u0131ra Yerelsen Genel Sekreteri Av. M\u00fcmtaz Uzun ile sendika uzmanlar\u0131ndan Mete Bilgin ve Yavuz Alt\u0131n\u0131\u015f\u0131k kat\u0131ld\u0131. B\u00fcy\u00fck\u015fehir ve BUSK\u0130 \u00e7al\u0131\u015fanlar\u0131n\u0131 ise Hizmet-\u0130\u015f Genel Denetim Kurulu Ba\u015fkan\u0131 Recep \u00d6zcan, Hizmet \u0130\u015f Sendikas\u0131 Genel Sekreter Yard\u0131mc\u0131s\u0131 \u0130smail \u00d6zg\u00fcven, \u015eube Ba\u015fkan\u0131 Mehmet Keskin ve sendika yetkilileri temsil etti.<\/p>\n<p style=\"text-align: justify;\">Toplant\u0131 \u00f6ncesi a\u00e7\u0131klama yapan B\u00fcy\u00fck\u015fehir Genel Sekreter Yard\u0131mc\u0131s\u0131 Ne\u015fet \u00c7akmakl\u0131; \u201c\u0130\u015f\u00e7inin ve i\u015fverenin memnun kalaca\u011f\u0131 bir s\u00f6zle\u015fme imzalamak en b\u00fcy\u00fck hedefimizdir. Bu anlamda s\u00f6zle\u015fmenin masada taraflar\u0131n anla\u015farak kalkaca\u011f\u0131na inan\u0131yorum.\u00a0 Yap\u0131lacak s\u00f6zle\u015fmenin her iki tarafa da \u015fimdiden hay\u0131rl\u0131 olmas\u0131n\u0131 diliyorum\u201d dedi.<\/p>\n<p style=\"text-align: justify;\">Yap\u0131lan g\u00f6r\u00fc\u015fme sonunda Hizmet \u0130\u015f Sendikas\u0131 taraf\u0131ndan verilen teklif tasla\u011f\u0131ndaki 5 maddenin kabul edilmesine kalan maddelerin ise bir sonraki oturumda g\u00f6r\u00fc\u015f\u00fclmesine karar verildi.<\/p>\n","protected":false},"excerpt":{"rendered":"Sendikam\u0131z \u00fcyelerinden Bursa B\u00fcy\u00fck\u015fehir Belediyesi ile b\u00fcy\u00fck\u015fehir i\u015ftiraklerinden BUSK\u0130 \u00e7al\u0131\u015fanlar\u0131n\u0131 ilgilendiren toplu i\u015f s\u00f6zle\u015fmesi g\u00f6r\u00fc\u015fmeleri ba\u015flad\u0131. 25 Mart 2014 tarihinde [&hellip;]","protected":false},"author":3,"featured_media":4413,"comment_status":"closed","ping_status":"closed","sticky":false,"template":"","format":"standard","meta":{"footnotes":""},"categories":[1,24,25],"tags":[],"class_list":["post-4411","post","type-post","status-publish","format-standard","has-post-thumbnail","hentry","category-haberler","category-sozlesmeler","category-toplantilar"],"_links":{"self":[{"href":"https:\/\/yerelsen.org.tr\/index.php\/wp-json\/wp\/v2\/posts\/4411","targetHints":{"allow":["GET"]}}],"collection":[{"href":"https:\/\/yerelsen.org.tr\/index.php\/wp-json\/wp\/v2\/posts"}],"about":[{"href":"https:\/\/yerelsen.org.tr\/index.php\/wp-json\/wp\/v2\/types\/post"}],"author":[{"embeddable":true,"href":"https:\/\/yerelsen.org.tr\/index.php\/wp-json\/wp\/v2\/users\/3"}],"replies":[{"embeddable":true,"href":"https:\/\/yerelsen.org.tr\/index.php\/wp-json\/wp\/v2\/comments?post=4411"}],"version-history":[{"count":1,"href":"https:\/\/yerelsen.org.tr\/index.php\/wp-json\/wp\/v2\/posts\/4411\/revisions"}],"predecessor-version":[{"id":4414,"href":"https:\/\/yerelsen.org.tr\/index.php\/wp-json\/wp\/v2\/posts\/4411\/revisions\/4414"}],"wp:featuredmedia":[{"embeddable":true,"href":"https:\/\/yerelsen.org.tr\/index.php\/wp-json\/wp\/v2\/media\/4413"}],"wp:attachment":[{"href":"https:\/\/yerelsen.org.tr\/index.php\/wp-json\/wp\/v2\/media?parent=4411"}],"wp:term":[{"taxonomy":"category","embeddable":true,"href":"https:\/\/yerelsen.org.tr\/index.php\/wp-json\/wp\/v2\/categories?post=4411"},{"taxonomy":"post_tag","embeddable":true,"href":"https:\/\/yerelsen.org.tr\/index.php\/wp-json\/wp\/v2\/tags?post=4411"}],"curies":[{"name":"wp","href":"https:\/\/api.w.org\/{rel}","templated":true}]}}