{"id":4418,"date":"2015-04-02T10:52:06","date_gmt":"2015-04-02T08:52:06","guid":{"rendered":"https:\/\/yerelsen.org.tr\/?p=4418"},"modified":"2015-04-02T10:52:06","modified_gmt":"2015-04-02T08:52:06","slug":"daricada-gorusmeler-devam-ediyor","status":"publish","type":"post","link":"https:\/\/yerelsen.org.tr\/index.php\/daricada-gorusmeler-devam-ediyor\/","title":{"rendered":"Dar\u0131ca&#8217;da G\u00f6r\u00fc\u015fmeler Devam Ediyor"},"content":{"rendered":"<p style=\"margin-left: 35.4pt; text-align: justify;\"><span style=\"font-size: 11.0pt; font-family: 'Arial','sans-serif';\">Sendikam\u0131z \u00fcyelerinden Dar\u0131ca\u00a0Belediyesi\u2019nde akdedilecek toplu s\u00f6zle\u015fme g\u00f6r\u00fc\u015fmeleri devam ediyor.<\/span><\/p>\n<p style=\"margin-left: 35.4pt; text-align: justify;\">Sendikam\u0131z ile Hizmet \u0130\u015f Sendikas\u0131 yetkilileri aras\u0131nda ilk oturumu 03 \u015eubat 2015 tarihinde ger\u00e7ekle\u015fen toplu i\u015f s\u00f6zle\u015fmesi g\u00f6r\u00fc\u015fmelerinin be\u015finci\u00a0oturumuna 2 Nisan 2015 tarihinde Dar\u0131ca\u00a0Belediyesi\u2019nde devam edildi. Oturuma Dar\u0131ca\u00a0Belediyesi\u2019ni temsilen sendikam\u0131z Genel Sekreteri Av. M\u00fcmtaz Uzun, sendikam\u0131z uzmanlar\u0131ndan Mete Bilgin\u00a0ve Yavuz Alt\u0131n\u0131\u015f\u0131k kat\u0131ld\u0131. Yap\u0131lan oturum sonunda s\u00f6zle\u015fme tasla\u011f\u0131nda belirtilen idari maddeler \u00fczerinde ilerleme sa\u011fland\u0131. Kalan maddelerin g\u00f6r\u00fc\u015f\u00fclmesi ise bir sonraki oturuma ertelendi.<\/p>\n","protected":false},"excerpt":{"rendered":"Sendikam\u0131z \u00fcyelerinden Dar\u0131ca\u00a0Belediyesi\u2019nde akdedilecek toplu s\u00f6zle\u015fme g\u00f6r\u00fc\u015fmeleri devam ediyor. Sendikam\u0131z ile Hizmet \u0130\u015f Sendikas\u0131 yetkilileri aras\u0131nda ilk oturumu 03 \u015eubat [&hellip;]","protected":false},"author":3,"featured_media":4419,"comment_status":"closed","ping_status":"closed","sticky":false,"template":"","format":"standard","meta":{"footnotes":""},"categories":[73,24,25],"tags":[],"class_list":["post-4418","post","type-post","status-publish","format-standard","has-post-thumbnail","hentry","category-bizden-haberler","category-sozlesmeler","category-toplantilar"],"_links":{"self":[{"href":"https:\/\/yerelsen.org.tr\/index.php\/wp-json\/wp\/v2\/posts\/4418","targetHints":{"allow":["GET"]}}],"collection":[{"href":"https:\/\/yerelsen.org.tr\/index.php\/wp-json\/wp\/v2\/posts"}],"about":[{"href":"https:\/\/yerelsen.org.tr\/index.php\/wp-json\/wp\/v2\/types\/post"}],"author":[{"embeddable":true,"href":"https:\/\/yerelsen.org.tr\/index.php\/wp-json\/wp\/v2\/users\/3"}],"replies":[{"embeddable":true,"href":"https:\/\/yerelsen.org.tr\/index.php\/wp-json\/wp\/v2\/comments?post=4418"}],"version-history":[{"count":1,"href":"https:\/\/yerelsen.org.tr\/index.php\/wp-json\/wp\/v2\/posts\/4418\/revisions"}],"predecessor-version":[{"id":4420,"href":"https:\/\/yerelsen.org.tr\/index.php\/wp-json\/wp\/v2\/posts\/4418\/revisions\/4420"}],"wp:featuredmedia":[{"embeddable":true,"href":"https:\/\/yerelsen.org.tr\/index.php\/wp-json\/wp\/v2\/media\/4419"}],"wp:attachment":[{"href":"https:\/\/yerelsen.org.tr\/index.php\/wp-json\/wp\/v2\/media?parent=4418"}],"wp:term":[{"taxonomy":"category","embeddable":true,"href":"https:\/\/yerelsen.org.tr\/index.php\/wp-json\/wp\/v2\/categories?post=4418"},{"taxonomy":"post_tag","embeddable":true,"href":"https:\/\/yerelsen.org.tr\/index.php\/wp-json\/wp\/v2\/tags?post=4418"}],"curies":[{"name":"wp","href":"https:\/\/api.w.org\/{rel}","templated":true}]}}