{"id":4427,"date":"2015-04-06T08:18:37","date_gmt":"2015-04-06T06:18:37","guid":{"rendered":"https:\/\/yerelsen.org.tr\/?p=4427"},"modified":"2015-04-06T08:18:37","modified_gmt":"2015-04-06T06:18:37","slug":"sakarya-buyuksehirde-ilk-oturum","status":"publish","type":"post","link":"https:\/\/yerelsen.org.tr\/index.php\/sakarya-buyuksehirde-ilk-oturum\/","title":{"rendered":"Sakarya B\u00fcy\u00fck\u015fehir&#8217;de \u0130lk Oturum"},"content":{"rendered":"<p style=\"text-align: justify;\">Sendikam\u0131z \u00fcyelerinden Sakarya B\u00fcy\u00fck\u015fehir Belediyesi\u2019nde toplu i\u015f s\u00f6zle\u015fmesi g\u00f6r\u00fc\u015fmeleri ba\u015flad\u0131.<\/p>\n<p style=\"text-align: justify;\">27 Mart 2015 tarihinde belediye binas\u0131nda yap\u0131lan\u00a0g\u00f6r\u00fc\u015fmeye Sakarya B\u00fcy\u00fck\u015fehir Belediyesi Genel Sekreter Yard\u0131mc\u0131s\u0131 Ayhan Kardan, \u0130nsan Kaynaklar\u0131 ve E\u011fitim Daire Ba\u015fkan\u0131 Alpay \u015eirin, \u0130nsan Kaynaklar\u0131 E\u011fitim \u015eube M\u00fcd\u00fcr\u00fc Muazzez Sayg\u0131de\u011fer, sendika Genel Sekreterimiz M\u00fcmtaz Uzun ve Genel Sekreter Yard\u0131mc\u0131m\u0131z Yahya Bilgin ile sendika uzmanlar\u0131m\u0131zdan Cavit Tokp\u0131nar kat\u0131ld\u0131.<\/p>\n<p style=\"text-align: justify;\">Yap\u0131lan oturumda, belediye i\u015f\u00e7ilerini temsilen Hizmet-\u0130\u015f Sakarya \u015eube Ba\u015fkan\u0131 Mehmet Mesut G\u00f6kdemir, sendika yetkilileri ve temsilcisi haz\u0131r bulundu.<\/p>\n<p style=\"text-align: justify;\">\u0130lk a\u00e7\u0131l\u0131\u015f g\u00f6r\u00fc\u015fmesinde i\u015f\u00e7i sendika teklif tasla\u011f\u0131ndaki alt\u0131 maddenin kabul edilmesine kalan maddelerin ise ertelenerek bir sonraki oturumda g\u00f6r\u00fc\u015f\u00fclmesine karar verildi.<\/p>\n","protected":false},"excerpt":{"rendered":"Sendikam\u0131z \u00fcyelerinden Sakarya B\u00fcy\u00fck\u015fehir Belediyesi\u2019nde toplu i\u015f s\u00f6zle\u015fmesi g\u00f6r\u00fc\u015fmeleri ba\u015flad\u0131. 27 Mart 2015 tarihinde belediye binas\u0131nda yap\u0131lan\u00a0g\u00f6r\u00fc\u015fmeye Sakarya B\u00fcy\u00fck\u015fehir Belediyesi [&hellip;]","protected":false},"author":3,"featured_media":4428,"comment_status":"closed","ping_status":"closed","sticky":false,"template":"","format":"standard","meta":{"footnotes":""},"categories":[1,24,25],"tags":[],"class_list":["post-4427","post","type-post","status-publish","format-standard","has-post-thumbnail","hentry","category-haberler","category-sozlesmeler","category-toplantilar"],"_links":{"self":[{"href":"https:\/\/yerelsen.org.tr\/index.php\/wp-json\/wp\/v2\/posts\/4427","targetHints":{"allow":["GET"]}}],"collection":[{"href":"https:\/\/yerelsen.org.tr\/index.php\/wp-json\/wp\/v2\/posts"}],"about":[{"href":"https:\/\/yerelsen.org.tr\/index.php\/wp-json\/wp\/v2\/types\/post"}],"author":[{"embeddable":true,"href":"https:\/\/yerelsen.org.tr\/index.php\/wp-json\/wp\/v2\/users\/3"}],"replies":[{"embeddable":true,"href":"https:\/\/yerelsen.org.tr\/index.php\/wp-json\/wp\/v2\/comments?post=4427"}],"version-history":[{"count":1,"href":"https:\/\/yerelsen.org.tr\/index.php\/wp-json\/wp\/v2\/posts\/4427\/revisions"}],"predecessor-version":[{"id":4429,"href":"https:\/\/yerelsen.org.tr\/index.php\/wp-json\/wp\/v2\/posts\/4427\/revisions\/4429"}],"wp:featuredmedia":[{"embeddable":true,"href":"https:\/\/yerelsen.org.tr\/index.php\/wp-json\/wp\/v2\/media\/4428"}],"wp:attachment":[{"href":"https:\/\/yerelsen.org.tr\/index.php\/wp-json\/wp\/v2\/media?parent=4427"}],"wp:term":[{"taxonomy":"category","embeddable":true,"href":"https:\/\/yerelsen.org.tr\/index.php\/wp-json\/wp\/v2\/categories?post=4427"},{"taxonomy":"post_tag","embeddable":true,"href":"https:\/\/yerelsen.org.tr\/index.php\/wp-json\/wp\/v2\/tags?post=4427"}],"curies":[{"name":"wp","href":"https:\/\/api.w.org\/{rel}","templated":true}]}}