{"id":4431,"date":"2015-04-06T08:37:47","date_gmt":"2015-04-06T06:37:47","guid":{"rendered":"https:\/\/yerelsen.org.tr\/?p=4431"},"modified":"2015-04-06T08:39:24","modified_gmt":"2015-04-06T06:39:24","slug":"erenler-belediyesinde-ilk-oturum-heyecani","status":"publish","type":"post","link":"https:\/\/yerelsen.org.tr\/index.php\/erenler-belediyesinde-ilk-oturum-heyecani\/","title":{"rendered":"Erenler Belediyesi\u2019nde \u0130lk Oturum Heyecan\u0131"},"content":{"rendered":"<p style=\"text-align: justify;\"><a href=\"https:\/\/yerelsen.org.tr\/wp-content\/uploads\/2015\/04\/BSN_9849.jpg\"><img loading=\"lazy\" decoding=\"async\" class=\"aligncenter size-medium wp-image-4433\" src=\"https:\/\/yerelsen.org.tr\/wp-content\/uploads\/2015\/04\/BSN_9849-620x411.jpg\" alt=\"BSN_9849\" width=\"620\" height=\"411\" srcset=\"https:\/\/yerelsen.org.tr\/wp-content\/uploads\/2015\/04\/BSN_9849-620x411.jpg 620w, https:\/\/yerelsen.org.tr\/wp-content\/uploads\/2015\/04\/BSN_9849-850x563.jpg 850w, https:\/\/yerelsen.org.tr\/wp-content\/uploads\/2015\/04\/BSN_9849.jpg 1024w\" sizes=\"auto, (max-width: 620px) 100vw, 620px\" \/><\/a><\/p>\n<p style=\"text-align: justify;\">Sendikam\u0131z \u00fcyelerinden Sakarya\u2019ya ba\u011fl\u0131 Erenler Belediyesi\u2019nde toplu i\u015f s\u00f6zle\u015fmesi g\u00f6r\u00fc\u015fmelerinde ilk toplant\u0131 yap\u0131ld\u0131. 27 Mart 2015 tarihinde Erenler Belediyesi\u2019nde yap\u0131lan toplant\u0131ya \u00a0sendikam\u0131zdan Genel Sekreter Av. M\u00fcmtaz Uzun\u2019un yan\u0131 s\u0131ra Genel Sekreter Yard\u0131mc\u0131s\u0131 Yahya Bilgin ve sendika uzmanlar\u0131m\u0131zdan Cavit Tokp\u0131nar ve Yaz\u0131 \u0130\u015fleri M\u00fcd\u00fcr\u00fc \u00d6zkan G\u00fcgercin kat\u0131ld\u0131.<\/p>\n<p style=\"text-align: justify;\">Toplant\u0131 \u00f6ncesi Erenler Belediye Ba\u015fkan\u0131 Cavit \u00d6zt\u00fcrk ziyaret edilerek s\u00f6zle\u015fme s\u00fcreci hakk\u0131nda bilgi verildi. Konuyla ilgili k\u0131sa bir a\u00e7\u0131klama yapan Ba\u015fkan \u00d6zt\u00fcrk, \u00e7al\u0131\u015fanlara imkanlar\u0131 do\u011frultusunda en iyiyi vermek istediklerini ve i\u015f bar\u0131\u015f\u0131n\u0131n sa\u011flanmas\u0131n\u0131 arzu ettiklerini s\u00f6yledi. G\u00f6r\u00fc\u015fmelerde her iki tarafa da ba\u015far\u0131lar dileyen \u00d6zt\u00fcrk, s\u00f6zle\u015fmenin \u015fimdiden taraflara hay\u0131rl\u0131 olmas\u0131n\u0131 diledi.<\/p>\n<p style=\"text-align: justify;\">Hizmet \u0130\u015f Sendikas\u0131 yetkililerince yap\u0131lan g\u00f6r\u00fc\u015fme sonucunda i\u015f\u00e7i sendikas\u0131n\u0131n yapm\u0131\u015f oldu\u011fu s\u00f6zle\u015fme teklif tasla\u011f\u0131 \u00fczerindeki maddelerden d\u00f6rd\u00fcn\u00fcn kabul edilmesine kalan maddelerin ise bir sonraki toplant\u0131da g\u00f6r\u00fc\u015f\u00fclmesine karar verildi. Ge\u00e7ilen maddeler tutanak alt\u0131na al\u0131nd\u0131ktan sonra bir sonraki toplant\u0131n\u0131n g\u00fcn\u00fc ve yeri belirlenerek toplant\u0131ya son verildi.<\/p>\n","protected":false},"excerpt":{"rendered":"Sendikam\u0131z \u00fcyelerinden Sakarya\u2019ya ba\u011fl\u0131 Erenler Belediyesi\u2019nde toplu i\u015f s\u00f6zle\u015fmesi g\u00f6r\u00fc\u015fmelerinde ilk toplant\u0131 yap\u0131ld\u0131. 27 Mart 2015 tarihinde Erenler Belediyesi\u2019nde yap\u0131lan [&hellip;]","protected":false},"author":3,"featured_media":4432,"comment_status":"closed","ping_status":"closed","sticky":false,"template":"","format":"standard","meta":{"footnotes":""},"categories":[1,24,25],"tags":[],"class_list":["post-4431","post","type-post","status-publish","format-standard","has-post-thumbnail","hentry","category-haberler","category-sozlesmeler","category-toplantilar"],"_links":{"self":[{"href":"https:\/\/yerelsen.org.tr\/index.php\/wp-json\/wp\/v2\/posts\/4431","targetHints":{"allow":["GET"]}}],"collection":[{"href":"https:\/\/yerelsen.org.tr\/index.php\/wp-json\/wp\/v2\/posts"}],"about":[{"href":"https:\/\/yerelsen.org.tr\/index.php\/wp-json\/wp\/v2\/types\/post"}],"author":[{"embeddable":true,"href":"https:\/\/yerelsen.org.tr\/index.php\/wp-json\/wp\/v2\/users\/3"}],"replies":[{"embeddable":true,"href":"https:\/\/yerelsen.org.tr\/index.php\/wp-json\/wp\/v2\/comments?post=4431"}],"version-history":[{"count":2,"href":"https:\/\/yerelsen.org.tr\/index.php\/wp-json\/wp\/v2\/posts\/4431\/revisions"}],"predecessor-version":[{"id":4435,"href":"https:\/\/yerelsen.org.tr\/index.php\/wp-json\/wp\/v2\/posts\/4431\/revisions\/4435"}],"wp:featuredmedia":[{"embeddable":true,"href":"https:\/\/yerelsen.org.tr\/index.php\/wp-json\/wp\/v2\/media\/4432"}],"wp:attachment":[{"href":"https:\/\/yerelsen.org.tr\/index.php\/wp-json\/wp\/v2\/media?parent=4431"}],"wp:term":[{"taxonomy":"category","embeddable":true,"href":"https:\/\/yerelsen.org.tr\/index.php\/wp-json\/wp\/v2\/categories?post=4431"},{"taxonomy":"post_tag","embeddable":true,"href":"https:\/\/yerelsen.org.tr\/index.php\/wp-json\/wp\/v2\/tags?post=4431"}],"curies":[{"name":"wp","href":"https:\/\/api.w.org\/{rel}","templated":true}]}}