{"id":4440,"date":"2015-04-06T13:29:04","date_gmt":"2015-04-06T11:29:04","guid":{"rendered":"https:\/\/yerelsen.org.tr\/?p=4440"},"modified":"2015-04-06T13:29:04","modified_gmt":"2015-04-06T11:29:04","slug":"kaynarcada-sozlesme-tamam","status":"publish","type":"post","link":"https:\/\/yerelsen.org.tr\/index.php\/kaynarcada-sozlesme-tamam\/","title":{"rendered":"Kaynarca\u2019da S\u00f6zle\u015fme Tamam"},"content":{"rendered":"<p style=\"text-align: justify;\">Sendikam\u0131z \u00fcyelerinden Kaynarca Belediyesi\u2019nde uygulanmak \u00fczere akdedilecek toplu i\u015f s\u00f6zle\u015fmesi g\u00f6r\u00fc\u015fmeleri sona erdi. Kaynarca Belediyesi\u2019nde i\u015fveren ad\u0131na g\u00f6r\u00fc\u015fmelere kat\u0131lan sendikam\u0131z ile Hizmet-\u0130\u015f Sendikas\u0131 aras\u0131nda ger\u00e7ekle\u015fen ve 20 belediye i\u015f\u00e7isini ilgilendiren toplu i\u015f s\u00f6zle\u015fmesi 03 Nisan 2015 tarihinde Kaynarca Belediyesi\u2019nde imzaland\u0131.<\/p>\n<p style=\"text-align: justify;\">\n<p style=\"text-align: justify;\">Kaynarca Belediye Ba\u015fkan\u0131 Zeynur \u00d6zel, sendikam\u0131z uzmanlar\u0131ndan Hasan Tenlik ve Murat Aslan\u2019\u0131n att\u0131\u011f\u0131 imzalarla toplu i\u015f s\u00f6zle\u015fmesi tamamland\u0131.<\/p>\n<p style=\"text-align: justify;\">2 y\u0131ll\u0131\u011f\u0131na d\u00fczenlenen ve 79 maddeden olu\u015fan s\u00f6zle\u015fmenin imzalanmas\u0131 sonras\u0131nda bir a\u00e7\u0131klama yapan Ba\u015fkan \u00d6zel, yap\u0131lan s\u00f6zle\u015fmenin hay\u0131rlara olmas\u0131n\u0131 diledi.<\/p>\n","protected":false},"excerpt":{"rendered":"Sendikam\u0131z \u00fcyelerinden Kaynarca Belediyesi\u2019nde uygulanmak \u00fczere akdedilecek toplu i\u015f s\u00f6zle\u015fmesi g\u00f6r\u00fc\u015fmeleri sona erdi. Kaynarca Belediyesi\u2019nde i\u015fveren ad\u0131na g\u00f6r\u00fc\u015fmelere kat\u0131lan sendikam\u0131z [&hellip;]","protected":false},"author":3,"featured_media":4441,"comment_status":"closed","ping_status":"closed","sticky":false,"template":"","format":"standard","meta":{"footnotes":""},"categories":[73,24,25],"tags":[],"class_list":["post-4440","post","type-post","status-publish","format-standard","has-post-thumbnail","hentry","category-bizden-haberler","category-sozlesmeler","category-toplantilar"],"_links":{"self":[{"href":"https:\/\/yerelsen.org.tr\/index.php\/wp-json\/wp\/v2\/posts\/4440","targetHints":{"allow":["GET"]}}],"collection":[{"href":"https:\/\/yerelsen.org.tr\/index.php\/wp-json\/wp\/v2\/posts"}],"about":[{"href":"https:\/\/yerelsen.org.tr\/index.php\/wp-json\/wp\/v2\/types\/post"}],"author":[{"embeddable":true,"href":"https:\/\/yerelsen.org.tr\/index.php\/wp-json\/wp\/v2\/users\/3"}],"replies":[{"embeddable":true,"href":"https:\/\/yerelsen.org.tr\/index.php\/wp-json\/wp\/v2\/comments?post=4440"}],"version-history":[{"count":1,"href":"https:\/\/yerelsen.org.tr\/index.php\/wp-json\/wp\/v2\/posts\/4440\/revisions"}],"predecessor-version":[{"id":4442,"href":"https:\/\/yerelsen.org.tr\/index.php\/wp-json\/wp\/v2\/posts\/4440\/revisions\/4442"}],"wp:featuredmedia":[{"embeddable":true,"href":"https:\/\/yerelsen.org.tr\/index.php\/wp-json\/wp\/v2\/media\/4441"}],"wp:attachment":[{"href":"https:\/\/yerelsen.org.tr\/index.php\/wp-json\/wp\/v2\/media?parent=4440"}],"wp:term":[{"taxonomy":"category","embeddable":true,"href":"https:\/\/yerelsen.org.tr\/index.php\/wp-json\/wp\/v2\/categories?post=4440"},{"taxonomy":"post_tag","embeddable":true,"href":"https:\/\/yerelsen.org.tr\/index.php\/wp-json\/wp\/v2\/tags?post=4440"}],"curies":[{"name":"wp","href":"https:\/\/api.w.org\/{rel}","templated":true}]}}