{"id":4451,"date":"2015-05-04T16:19:46","date_gmt":"2015-05-04T14:19:46","guid":{"rendered":"https:\/\/yerelsen.org.tr\/?p=4451"},"modified":"2015-05-07T11:01:43","modified_gmt":"2015-05-07T09:01:43","slug":"sanliurfada-sozlesme-tamamlandi","status":"publish","type":"post","link":"https:\/\/yerelsen.org.tr\/index.php\/sanliurfada-sozlesme-tamamlandi\/","title":{"rendered":"\u015eanl\u0131urfa\u2019da S\u00f6zle\u015fme Tamamland\u0131"},"content":{"rendered":"<p style=\"text-align: justify;\"><strong>Sendikam\u0131z\u0131n yeni \u00fcyelerinden \u015eanl\u0131urfa B\u00fcy\u00fck\u015fehir Belediyesi\u2019nde 16 Aral\u0131k tarihinde ba\u015flayan ve 700 i\u015f\u00e7iyi ilgilendiren toplu i\u015f s\u00f6zle\u015fmesi g\u00f6r\u00fc\u015fmeleri 27 Nisan 2015 tarihinde iki taraf\u0131nda anla\u015fmas\u0131 sonucu ba\u011f\u0131tland\u0131. var\u0131lan anla\u015fma sonucunda \u015eanl\u0131urfa B\u00fcy\u00fck\u015fehir Belediyesi\u2019nde i\u015fveren ad\u0131na g\u00f6r\u00fc\u015fmelere kat\u0131lan sendikam\u0131z ile Hizmet-\u0130\u015f Sendikas\u0131 aras\u0131nda ger\u00e7ekle\u015fen toplu i\u015f s\u00f6zle\u015fmesi \u00a0\u015eanl\u0131urfa B\u00fcy\u00fck\u015fehir Belediyesi\u2019nde imzaland\u0131.<\/strong><\/p>\n<p style=\"text-align: justify;\"><strong>\u015eanl\u0131urfa B\u00fcy\u00fck\u015fehir Genel Sekreteri Balamir G\u00fcndo\u011fdu, \u0130nsan Kaynaklar\u0131 ve E\u011fitim Daire Ba\u015fkan\u0131 Mahmut At\u00e7\u0131 ile Yerelsen uzmanlar\u0131ndan Hasan Tenlik ve Murat Aslan\u2019\u0131n att\u0131\u011f\u0131 imzalarla 3 y\u0131l\u0131 kapsayan ve 76 madden olu\u015fan toplu i\u015f s\u00f6zle\u015fmesi y\u00fcr\u00fcrl\u00fc\u011fe girmi\u015f oldu.<\/strong><\/p>\n","protected":false},"excerpt":{"rendered":"Sendikam\u0131z\u0131n yeni \u00fcyelerinden \u015eanl\u0131urfa B\u00fcy\u00fck\u015fehir Belediyesi\u2019nde 16 Aral\u0131k tarihinde ba\u015flayan ve 700 i\u015f\u00e7iyi ilgilendiren toplu i\u015f s\u00f6zle\u015fmesi g\u00f6r\u00fc\u015fmeleri 27 Nisan [&hellip;]","protected":false},"author":3,"featured_media":4452,"comment_status":"closed","ping_status":"closed","sticky":false,"template":"","format":"standard","meta":{"footnotes":""},"categories":[1,24,25],"tags":[],"class_list":["post-4451","post","type-post","status-publish","format-standard","has-post-thumbnail","hentry","category-haberler","category-sozlesmeler","category-toplantilar"],"_links":{"self":[{"href":"https:\/\/yerelsen.org.tr\/index.php\/wp-json\/wp\/v2\/posts\/4451","targetHints":{"allow":["GET"]}}],"collection":[{"href":"https:\/\/yerelsen.org.tr\/index.php\/wp-json\/wp\/v2\/posts"}],"about":[{"href":"https:\/\/yerelsen.org.tr\/index.php\/wp-json\/wp\/v2\/types\/post"}],"author":[{"embeddable":true,"href":"https:\/\/yerelsen.org.tr\/index.php\/wp-json\/wp\/v2\/users\/3"}],"replies":[{"embeddable":true,"href":"https:\/\/yerelsen.org.tr\/index.php\/wp-json\/wp\/v2\/comments?post=4451"}],"version-history":[{"count":4,"href":"https:\/\/yerelsen.org.tr\/index.php\/wp-json\/wp\/v2\/posts\/4451\/revisions"}],"predecessor-version":[{"id":4456,"href":"https:\/\/yerelsen.org.tr\/index.php\/wp-json\/wp\/v2\/posts\/4451\/revisions\/4456"}],"wp:featuredmedia":[{"embeddable":true,"href":"https:\/\/yerelsen.org.tr\/index.php\/wp-json\/wp\/v2\/media\/4452"}],"wp:attachment":[{"href":"https:\/\/yerelsen.org.tr\/index.php\/wp-json\/wp\/v2\/media?parent=4451"}],"wp:term":[{"taxonomy":"category","embeddable":true,"href":"https:\/\/yerelsen.org.tr\/index.php\/wp-json\/wp\/v2\/categories?post=4451"},{"taxonomy":"post_tag","embeddable":true,"href":"https:\/\/yerelsen.org.tr\/index.php\/wp-json\/wp\/v2\/tags?post=4451"}],"curies":[{"name":"wp","href":"https:\/\/api.w.org\/{rel}","templated":true}]}}