{"id":4471,"date":"2015-05-12T23:00:49","date_gmt":"2015-05-12T21:00:49","guid":{"rendered":"https:\/\/yerelsen.org.tr\/?p=4471"},"modified":"2015-05-12T23:00:49","modified_gmt":"2015-05-12T21:00:49","slug":"yildirimda-ilk-oturum-yapildi","status":"publish","type":"post","link":"https:\/\/yerelsen.org.tr\/index.php\/yildirimda-ilk-oturum-yapildi\/","title":{"rendered":"Y\u0131ld\u0131r\u0131m\u2019da \u0130lk Oturum Yap\u0131ld\u0131"},"content":{"rendered":"<p style=\"text-align: justify;\">Sendikam\u0131z\u0131n \u00fcyelerinden Bursa\u2019ya ba\u011fl\u0131 Y\u0131ld\u0131r\u0131m Belediyesi\u2019nde belediye \u00e7al\u0131\u015fanlar\u0131n\u0131 ilgilendiren toplu i\u015f s\u00f6zle\u015fmesi g\u00f6r\u00fc\u015fmelerinin ilk oturumu ger\u00e7ekle\u015ftirildi.\u00a0 12 May\u0131s 2015 tarihinde Yerelsen ile Hizmet \u0130\u015f Sendikas\u0131 aras\u0131nda ger\u00e7ekle\u015ftirilen ilk oturum belediye hizmet binas\u0131nda yap\u0131ld\u0131.<\/p>\n<p style=\"text-align: justify;\">Oturum ba\u015flang\u0131c\u0131nda k\u0131sa bir de\u011ferlendirme yapan Y\u0131ld\u0131r\u0131m Belediyesi Ba\u015fkan Yard\u0131mc\u0131s\u0131 M\u00fccahit Alkan, Yerelsen arac\u0131l\u0131\u011f\u0131 ile yap\u0131lan toplu i\u015f s\u00f6zle\u015fmesi g\u00f6r\u00fc\u015fmelerinin hem belediye hem de belediye \u00e7al\u0131\u015fanlar\u0131 i\u00e7in hay\u0131rl\u0131 olmas\u0131n\u0131 dileyerek se\u00e7im \u00f6ncesi olmas\u0131 nedeni ile acele edilmeden, hem i\u015fveren hem de i\u015f\u00e7i ba\u011flam\u0131nda kimsenin hakk\u0131na girmeden hakkaniyet \u00f6l\u00e7\u00fclerinde bir s\u00f6zle\u015fmenin yap\u0131laca\u011f\u0131na inand\u0131\u011f\u0131n\u0131 s\u00f6yledi.<\/p>\n<p style=\"text-align: justify;\">G\u00f6r\u00fc\u015fmelere Y\u0131ld\u0131r\u0131m Belediyesi\u2019nden Ba\u015fkan Yard\u0131mc\u0131s\u0131 M\u00fccahit Alkan, \u0130nsan Kaynaklar\u0131 M\u00fcd\u00fcr\u00fc Aytekin Ta\u015fkan ve belediye avukat\u0131 Seher \u0130yisoy\u2019un yan\u0131 s\u0131ra sendikam\u0131z Genel Sekreteri Av. M\u00fcmtaz Uzun ve sendika uzmanlar\u0131m\u0131zdan Yavuz Alt\u0131n\u0131\u015f\u0131k kat\u0131ld\u0131. Hizmet-\u0130\u015f Genel Sekreter Yard\u0131mc\u0131s\u0131 Av. \u0130smail \u00d6zg\u00fcven, \u00a0\u015eube Ba\u015fkan\u0131 Mehmet Keskin, \u015eube Sekreteri Ali Do\u011fantepe i\u015f yeri ba\u015f temsilcisi Mustafa K\u0131l\u0131\u00e7 ve sendika temsilcileri kat\u0131ld\u0131.<\/p>\n<p style=\"text-align: justify;\">Yap\u0131lan ilk oturum sonunda s\u00f6zle\u015fme teklif tasla\u011f\u0131ndaki 67 maddenin 13\u2019\u00fc kabul edildi. Kalan maddelerin g\u00f6r\u00fc\u015f\u00fclmesi ise bir sonraki tarihe ertelendi.<\/p>\n","protected":false},"excerpt":{"rendered":"Sendikam\u0131z\u0131n \u00fcyelerinden Bursa\u2019ya ba\u011fl\u0131 Y\u0131ld\u0131r\u0131m Belediyesi\u2019nde belediye \u00e7al\u0131\u015fanlar\u0131n\u0131 ilgilendiren toplu i\u015f s\u00f6zle\u015fmesi g\u00f6r\u00fc\u015fmelerinin ilk oturumu ger\u00e7ekle\u015ftirildi.\u00a0 12 May\u0131s 2015 tarihinde [&hellip;]","protected":false},"author":3,"featured_media":4472,"comment_status":"closed","ping_status":"closed","sticky":false,"template":"","format":"standard","meta":{"footnotes":""},"categories":[1,24,25],"tags":[],"class_list":["post-4471","post","type-post","status-publish","format-standard","has-post-thumbnail","hentry","category-haberler","category-sozlesmeler","category-toplantilar"],"_links":{"self":[{"href":"https:\/\/yerelsen.org.tr\/index.php\/wp-json\/wp\/v2\/posts\/4471","targetHints":{"allow":["GET"]}}],"collection":[{"href":"https:\/\/yerelsen.org.tr\/index.php\/wp-json\/wp\/v2\/posts"}],"about":[{"href":"https:\/\/yerelsen.org.tr\/index.php\/wp-json\/wp\/v2\/types\/post"}],"author":[{"embeddable":true,"href":"https:\/\/yerelsen.org.tr\/index.php\/wp-json\/wp\/v2\/users\/3"}],"replies":[{"embeddable":true,"href":"https:\/\/yerelsen.org.tr\/index.php\/wp-json\/wp\/v2\/comments?post=4471"}],"version-history":[{"count":1,"href":"https:\/\/yerelsen.org.tr\/index.php\/wp-json\/wp\/v2\/posts\/4471\/revisions"}],"predecessor-version":[{"id":4473,"href":"https:\/\/yerelsen.org.tr\/index.php\/wp-json\/wp\/v2\/posts\/4471\/revisions\/4473"}],"wp:featuredmedia":[{"embeddable":true,"href":"https:\/\/yerelsen.org.tr\/index.php\/wp-json\/wp\/v2\/media\/4472"}],"wp:attachment":[{"href":"https:\/\/yerelsen.org.tr\/index.php\/wp-json\/wp\/v2\/media?parent=4471"}],"wp:term":[{"taxonomy":"category","embeddable":true,"href":"https:\/\/yerelsen.org.tr\/index.php\/wp-json\/wp\/v2\/categories?post=4471"},{"taxonomy":"post_tag","embeddable":true,"href":"https:\/\/yerelsen.org.tr\/index.php\/wp-json\/wp\/v2\/tags?post=4471"}],"curies":[{"name":"wp","href":"https:\/\/api.w.org\/{rel}","templated":true}]}}