{"id":4498,"date":"2015-05-29T08:56:00","date_gmt":"2015-05-29T06:56:00","guid":{"rendered":"https:\/\/yerelsen.org.tr\/?p=4498"},"modified":"2015-09-14T13:34:07","modified_gmt":"2015-09-14T11:34:07","slug":"korfez-belediyesinde-imza-toreni","status":"publish","type":"post","link":"https:\/\/yerelsen.org.tr\/index.php\/korfez-belediyesinde-imza-toreni\/","title":{"rendered":"K\u00f6rfez Belediyesi\u2019nde \u0130mza T\u00f6reni"},"content":{"rendered":"<p style=\"text-align: justify;\"><a href=\"https:\/\/yerelsen.org.tr\/wp-content\/uploads\/2015\/05\/DSC_2161-1500-x-1000.jpg\"><img loading=\"lazy\" decoding=\"async\" class=\"aligncenter size-medium wp-image-4501\" src=\"https:\/\/yerelsen.org.tr\/wp-content\/uploads\/2015\/05\/DSC_2161-1500-x-1000-620x413.jpg\" alt=\"DSC_2161 (1500 x 1000)\" width=\"620\" height=\"413\" srcset=\"https:\/\/yerelsen.org.tr\/wp-content\/uploads\/2015\/05\/DSC_2161-1500-x-1000-620x413.jpg 620w, https:\/\/yerelsen.org.tr\/wp-content\/uploads\/2015\/05\/DSC_2161-1500-x-1000-850x567.jpg 850w, https:\/\/yerelsen.org.tr\/wp-content\/uploads\/2015\/05\/DSC_2161-1500-x-1000.jpg 1500w\" sizes=\"auto, (max-width: 620px) 100vw, 620px\" \/><\/a><\/p>\n<p style=\"text-align: justify;\">Sendikam\u0131z\u0131n \u00fcyelerinden K\u00f6rfez Belediyesi\u2019nde 105 \u00e7al\u0131\u015fan\u0131 ilgilendiren toplu i\u015f s\u00f6zle\u015fmesi g\u00f6r\u00fc\u015fmeleri ba\u015far\u0131yla tamamland\u0131. \u0130\u015f\u00e7i taraf\u0131n\u0131 temsil eden Belediye-\u0130\u015f Sendikas\u0131 yetkilileriyle y\u00fcr\u00fct\u00fclen g\u00f6r\u00fc\u015fmeler, taraflar aras\u0131nda var\u0131lan mutabakat sonucu 27 May\u0131s 2015 tarihinde toplu i\u015f s\u00f6zle\u015fmesi imza t\u00f6reni yap\u0131ld\u0131.<\/p>\n<p style=\"text-align: justify;\">K\u00f6rfez Belediyesi Hizmet Binas\u0131\u2019nda yap\u0131lan imza t\u00f6renine Genel Sekreter Yard\u0131mc\u0131m\u0131z Yahya Bilgin ve sendikam\u0131z uzmanlar\u0131ndan Cavit Tokp\u0131nar\u2019\u0131n yan\u0131 s\u0131ra K\u00f6rfez Belediye Ba\u015fkan\u0131 \u0130smail Baran, Belediye Ba\u015fkan Yard\u0131mc\u0131lar\u0131, Birim M\u00fcd\u00fcrleri ve Belediye \u0130\u015f Sendikas\u0131 y\u00f6neticileri kat\u0131ld\u0131.<\/p>\n<p style=\"text-align: justify;\">K\u00f6rfez Belediyesi ile Belediye-\u0130\u015f Sendikas\u0131 aras\u0131nda 3 y\u0131l\u0131 kapsayan toplu i\u015f s\u00f6zle\u015fmesinde imza t\u00f6reninde g\u00f6r\u00fc\u015fmelerini y\u00fcr\u00fcten taraflara te\u015fekk\u00fcr eden Ba\u015fkan Baran, \u00f6zellikle Yerelsen\u2019in s\u00f6zle\u015fme g\u00f6r\u00fc\u015fmelerindeki \u00f6nemine vurgu yaparak, s\u00f6zle\u015fmenin taraflara hay\u0131rl\u0131 olmas\u0131n\u0131 diledi.<\/p>\n<p style=\"text-align: justify;\">Her y\u0131l geleneksel olarak d\u00fczenlenen personel yeme\u011finde belediye \u00e7al\u0131\u015fanlar\u0131 ile bulu\u015fan K\u00f6rfez Belediye Ba\u015fkan\u0131 \u0130smail Baran, \u00e7al\u0131\u015fanlara seslenerek yap\u0131lan s\u00f6zle\u015fme kapsam\u0131nda verilen \u00fccret zamm\u0131 hakk\u0131nda bilgiler aktard\u0131. \u0130mza t\u00f6reninde konu\u015fan K\u00f6rfez Belediye Ba\u015fkan\u0131 \u0130smail Baran, ge\u00e7en ilk hizmet y\u0131l\u0131nda \u00e7al\u0131\u015fan\u0131n hakk\u0131n\u0131 g\u00f6zettiklerini belirterek, s\u00f6zle\u015fmenin belediye b\u00fcnyesinde \u00e7al\u0131\u015fan i\u015f\u00e7ilere hay\u0131rl\u0131 olmas\u0131n\u0131 temenni etti.<\/p>\n<p style=\"text-align: justify;\">Ba\u015fkan \u0130smail Baran, Bas\u0131n- Yay\u0131n Genel Sekreteri Bayram \u00d6zkan, Yerelsen Genel Sekreter Yard\u0131mc\u0131s\u0131 Yahya Bilgin ve sendika uzman\u0131m\u0131z Cavit Tokp\u0131nar ile Belediye-\u0130\u015f Sendikas\u0131 yetkilileri kar\u015f\u0131l\u0131kl\u0131 olarak toplu i\u015f s\u00f6zle\u015fmesine imza att\u0131lar. Ba\u015fkan Baran, \u201cSendika ile yapt\u0131\u011f\u0131m\u0131z g\u00f6r\u00fc\u015fmeler neticesinde bu y\u0131l da \u00e7al\u0131\u015fanlar\u0131m\u0131z\u0131n hakk\u0131n\u0131 vermeye gayret ettik. Att\u0131\u011f\u0131m\u0131z imza ile \u00e7al\u0131\u015fanlar\u0131m\u0131z\u0131 yine sevindirdik. Att\u0131\u011f\u0131m\u0131z imzan\u0131n hay\u0131rl\u0131, u\u011furlu olmas\u0131n\u0131 diliyorum\u201d dedi.<\/p>\n<p style=\"text-align: justify;\"><a href=\"https:\/\/yerelsen.org.tr\/wp-content\/uploads\/2015\/05\/DSC_2194-1500-x-1000.jpg\"><img loading=\"lazy\" decoding=\"async\" class=\"aligncenter size-medium wp-image-4502\" src=\"https:\/\/yerelsen.org.tr\/wp-content\/uploads\/2015\/05\/DSC_2194-1500-x-1000-620x413.jpg\" alt=\"DSC_2194 (1500 x 1000)\" width=\"620\" height=\"413\" srcset=\"https:\/\/yerelsen.org.tr\/wp-content\/uploads\/2015\/05\/DSC_2194-1500-x-1000-620x413.jpg 620w, https:\/\/yerelsen.org.tr\/wp-content\/uploads\/2015\/05\/DSC_2194-1500-x-1000-850x567.jpg 850w, https:\/\/yerelsen.org.tr\/wp-content\/uploads\/2015\/05\/DSC_2194-1500-x-1000.jpg 1500w\" sizes=\"auto, (max-width: 620px) 100vw, 620px\" \/><\/a><\/p>\n<p style=\"text-align: justify;\"><a href=\"https:\/\/yerelsen.org.tr\/wp-content\/uploads\/2015\/05\/DSC_2056-1500-x-1000.jpg\"><img loading=\"lazy\" decoding=\"async\" class=\"aligncenter size-medium wp-image-4499\" src=\"https:\/\/yerelsen.org.tr\/wp-content\/uploads\/2015\/05\/DSC_2056-1500-x-1000-620x413.jpg\" alt=\"DSC_2056 (1500 x 1000)\" width=\"620\" height=\"413\" srcset=\"https:\/\/yerelsen.org.tr\/wp-content\/uploads\/2015\/05\/DSC_2056-1500-x-1000-620x413.jpg 620w, https:\/\/yerelsen.org.tr\/wp-content\/uploads\/2015\/05\/DSC_2056-1500-x-1000-850x567.jpg 850w, https:\/\/yerelsen.org.tr\/wp-content\/uploads\/2015\/05\/DSC_2056-1500-x-1000.jpg 1500w\" sizes=\"auto, (max-width: 620px) 100vw, 620px\" \/><\/a><\/p>\n","protected":false},"excerpt":{"rendered":"Sendikam\u0131z\u0131n \u00fcyelerinden K\u00f6rfez Belediyesi\u2019nde 105 \u00e7al\u0131\u015fan\u0131 ilgilendiren toplu i\u015f s\u00f6zle\u015fmesi g\u00f6r\u00fc\u015fmeleri ba\u015far\u0131yla tamamland\u0131. \u0130\u015f\u00e7i taraf\u0131n\u0131 temsil eden Belediye-\u0130\u015f Sendikas\u0131 yetkilileriyle [&hellip;]","protected":false},"author":3,"featured_media":4500,"comment_status":"closed","ping_status":"closed","sticky":false,"template":"","format":"standard","meta":{"footnotes":""},"categories":[1,24,25],"tags":[],"class_list":["post-4498","post","type-post","status-publish","format-standard","has-post-thumbnail","hentry","category-haberler","category-sozlesmeler","category-toplantilar"],"_links":{"self":[{"href":"https:\/\/yerelsen.org.tr\/index.php\/wp-json\/wp\/v2\/posts\/4498","targetHints":{"allow":["GET"]}}],"collection":[{"href":"https:\/\/yerelsen.org.tr\/index.php\/wp-json\/wp\/v2\/posts"}],"about":[{"href":"https:\/\/yerelsen.org.tr\/index.php\/wp-json\/wp\/v2\/types\/post"}],"author":[{"embeddable":true,"href":"https:\/\/yerelsen.org.tr\/index.php\/wp-json\/wp\/v2\/users\/3"}],"replies":[{"embeddable":true,"href":"https:\/\/yerelsen.org.tr\/index.php\/wp-json\/wp\/v2\/comments?post=4498"}],"version-history":[{"count":1,"href":"https:\/\/yerelsen.org.tr\/index.php\/wp-json\/wp\/v2\/posts\/4498\/revisions"}],"predecessor-version":[{"id":4503,"href":"https:\/\/yerelsen.org.tr\/index.php\/wp-json\/wp\/v2\/posts\/4498\/revisions\/4503"}],"wp:featuredmedia":[{"embeddable":true,"href":"https:\/\/yerelsen.org.tr\/index.php\/wp-json\/wp\/v2\/media\/4500"}],"wp:attachment":[{"href":"https:\/\/yerelsen.org.tr\/index.php\/wp-json\/wp\/v2\/media?parent=4498"}],"wp:term":[{"taxonomy":"category","embeddable":true,"href":"https:\/\/yerelsen.org.tr\/index.php\/wp-json\/wp\/v2\/categories?post=4498"},{"taxonomy":"post_tag","embeddable":true,"href":"https:\/\/yerelsen.org.tr\/index.php\/wp-json\/wp\/v2\/tags?post=4498"}],"curies":[{"name":"wp","href":"https:\/\/api.w.org\/{rel}","templated":true}]}}