{"id":625,"date":"2008-05-26T00:00:00","date_gmt":"2008-05-25T22:00:00","guid":{"rendered":""},"modified":"2011-04-24T15:15:10","modified_gmt":"2011-04-24T13:15:10","slug":"izmit-belediyesinde-imzalar-atildi-2","status":"publish","type":"post","link":"https:\/\/yerelsen.org.tr\/index.php\/izmit-belediyesinde-imzalar-atildi-2\/","title":{"rendered":"\u0130zmit Belediyesi&#8217;nde \u0130mzalar At\u0131ld\u0131&#8230;"},"content":{"rendered":"<p><font size=\"3\" face=\"Times New Roman\"><br \/>\n<\/font><\/p>\n<div class=\"MsoNormal\" style=\"margin: 0cm 0cm 0pt; text-align: justify;\"><font size=\"3\" face=\"Times New Roman\"><b style=\"\"><span style=\"font-size: 13pt;\"><\/span><\/b>&nbsp;<\/font><\/div>\n<div class=\"MsoNormal\" style=\"margin: 0cm 0cm 0pt; text-align: justify;\"><font size=\"3\" face=\"Times New Roman\"><b style=\"\"><span style=\"font-size: 13pt;\"><\/span><\/b>&nbsp;<\/font><\/div>\n<div class=\"MsoNormal\" style=\"margin: 0cm 0cm 0pt; text-align: justify;\"><font size=\"3\" face=\"Times New Roman\"><b style=\"\"><span style=\"font-size: 13pt;\"><\/span><\/b>&nbsp;<\/font><\/div>\n<div class=\"MsoNormal\" style=\"margin: 0cm 0cm 0pt; text-align: justify;\"><font size=\"3\" face=\"Times New Roman\"><b style=\"\"><span style=\"font-size: 13pt;\">\u0130zmit Belediye Ba\u015fkanl\u0131\u011f\u0131 b\u00fcnyesinde&nbsp;\u00e7al\u0131\u015fan yakla\u015f\u0131k 400 i\u015f\u00e7iyi kapsayan Toplu i\u015f s\u00f6zle\u015fmesi 20.05.2008 g\u00fcn\u00fc Belediye hizmet binas\u0131 \u00f6n\u00fcnde imzaland\u0131.<o:p><\/o:p><\/span><\/b><\/font><\/div>\n<p class=\"MsoNormal\" style=\"margin: 0cm 0cm 0pt;\"><font size=\"3\" face=\"Times New Roman\"><b style=\"\"><span style=\"font-size: 13pt;\"><o:p>&nbsp;<\/o:p><\/span><\/b><\/font><\/p>\n<div class=\"MsoNormal\" style=\"margin: 0cm 0cm 0pt; text-align: justify;\"><font size=\"3\" face=\"Times New Roman\">&nbsp;&nbsp;<\/font><\/div>\n<div class=\"MsoNormal\" style=\"margin: 0cm 0cm 0pt; text-align: justify;\"><font size=\"3\" face=\"Times New Roman\">&nbsp;<\/font><\/div>\n<div class=\"MsoNormal\" style=\"margin: 0cm 0cm 0pt; text-align: justify;\"><font size=\"3\" face=\"Times New Roman\">\u0130mza t\u00f6renine<span style=\"\">&nbsp;Sendikam\u0131z Ba\u015fkan Vekili Dr. Mustafa \u00c7\u00d6PO\u011eLU, Sendikam\u0131z Genel Sekreteri Av. Halil \u00dcST\u00dcNDAL,&nbsp;<\/span>\u0130zmit Belediye Ba\u015fkan\u0131 Halil Vehbi YEN\u0130CE ile Genel-\u0130\u015f<span style=\"\">&nbsp; <\/span>T\u0130S. Daire Ba\u015fkan\u0131 \u0130smail \u00d6ZHAMARAT, Genel-\u0130\u015f Kocaeli \u015eube yetkilileri ve Belediye \u00e7al\u0131\u015fanlar\u0131 kat\u0131ld\u0131lar.<\/font><\/div>\n<div class=\"MsoNormal\" style=\"margin: 0cm 0cm 0pt; text-align: justify;\"><font size=\"3\" face=\"Times New Roman\"><\/font>&nbsp;<\/div>\n<div class=\"MsoNormal\" style=\"margin: 0cm 0cm 0pt; text-align: justify;\"><o:p><font size=\"3\" face=\"Times New Roman\">&nbsp;<\/font><\/o:p><\/div>\n<div class=\"MsoNormal\" style=\"margin: 0cm 0cm 0pt; text-align: justify;\"><o:p><font size=\"3\" face=\"Times New Roman\"><\/font><\/o:p>&nbsp;<\/div>\n<div class=\"MsoNormal\" style=\"margin: 0cm 0cm 0pt; text-align: justify;\"><o:p><font size=\"3\" face=\"Times New Roman\">&nbsp;<\/font><\/o:p><\/div>\n<p class=\"MsoNormal\" style=\"margin: 0cm 0cm 0pt; text-align: justify;\" align=\"right\"><font size=\"3\" face=\"Times New Roman\"><img loading=\"lazy\" decoding=\"async\" alt=\"\" src=\"\/_resimler_\/resimler\/Saraybahce_2.jpg\" border=\"0\" width=\"480\" height=\"537\"><\/font><\/p>\n<p><font size=\"3\" face=\"Times New Roman\"><\/font><\/p>\n<div class=\"MsoNormal\" style=\"margin: 0cm 0cm 0pt; text-align: justify;\"><font size=\"3\"><font face=\"Times New Roman\"><\/font><\/font>&nbsp;<\/div>\n<div class=\"MsoNormal\" style=\"margin: 0cm 0cm 0pt; text-align: justify;\"><font size=\"3\"><font face=\"Times New Roman\">T\u00f6rende konu\u015fan Sendikam\u0131z Ba\u015fkan Vekili<span style=\"\">&nbsp; <\/span>Dr. Mustafa \u00c7\u00d6PO\u011eLU &#8220; Genel-\u0130\u015f \u015eube yetkililerinin s\u00f6zle\u015fme s\u00fcrecinde sadece sendikac\u0131l\u0131k yaparak sorumlu ve ilkeli bir tav\u0131r sergilediklerini, m\u00fczakerelerde her iki taraf\u0131n da \u00e7\u0131karlar\u0131n\u0131<span style=\"\">&nbsp; <\/span>g\u00f6z \u00f6n\u00fcnde bulundurduklar\u0131n\u0131, b\u00f6ylece s\u00f6zle\u015fmenin masada bitmesine katk\u0131da bulunduklar\u0131n\u0131&#8221; ifade etti. Ayr\u0131ca, masada biten s\u00f6zle\u015fmenin en iyi s\u00f6zle\u015fme oldu\u011funu ifade ederek, eme\u011fi ge\u00e7enlere te\u015fekk\u00fcr etti<\/font><\/font><\/div>\n<div class=\"MsoNormal\" style=\"margin: 0cm 0cm 0pt; text-align: justify;\">&nbsp;<\/div>\n<div class=\"MsoNormal\" style=\"margin: 0cm 0cm 0pt; text-align: justify;\">&nbsp;<\/div>\n<p class=\"MsoNormal\" style=\"margin: 0cm 0cm 0pt; text-align: justify;\" align=\"right\"><img loading=\"lazy\" decoding=\"async\" alt=\"\" src=\"\/_resimler_\/resimler\/Saraybahce_3.jpg\" border=\"0\" width=\"480\" height=\"519\"><\/p>\n<div class=\"MsoNormal\" style=\"margin: 0cm 0cm 0pt; text-align: justify;\"><font size=\"3\"><font face=\"Times New Roman\"><\/font><\/font>&nbsp;<\/div>\n<div class=\"MsoNormal\" style=\"margin: 0cm 0cm 0pt; text-align: justify;\"><font size=\"3\"><font face=\"Times New Roman\">Belediye Ba\u015fkan\u0131 H.Vehbi YEN\u0130CE konu\u015fmas\u0131nda &#8220;\u00c7al\u0131\u015fanlar\u0131m\u0131z sadece belediyenin i\u015fini g\u00f6rm\u00fcyor, \u0130zmit halk\u0131na da hizmet ediyorlar. Biz, Belediye olarak bir \u00e7ok \u00f6d\u00fcl ald\u0131k. Bu \u00f6d\u00fclleri \u00e7al\u0131\u015fanlar\u0131m\u0131zla hep birlikte ald\u0131k. \u00c7al\u0131\u015fan arkada\u015flar\u0131m\u0131zla gurur duyuyoruz. Bu Toplu i\u015f s\u00f6zle\u015fmesi herkese hay\u0131rl\u0131 olsun&#8221; dedi. <span style=\"\">&nbsp;<\/span><\/font><\/font><\/div>\n<div class=\"MsoNormal\" style=\"margin: 0cm 0cm 0pt; text-align: justify;\"><b style=\"\"><span style=\"font-size: 13pt;\"><o:p><font face=\"Times New Roman\"><\/font><\/o:p><\/span><\/b>&nbsp;<\/div>\n<div class=\"MsoNormal\" style=\"margin: 0cm 0cm 0pt; text-align: justify;\"><b style=\"\"><span style=\"font-size: 13pt;\"><o:p><img decoding=\"async\" style=\"width: 587px; height: 413px;\" alt=\"\" src=\"\/_resimler_\/resimler\/Saraybahce_1.jpg\" border=\"0\"><\/o:p><\/span><\/b><\/div>\n<div class=\"MsoNormal\" style=\"margin: 0cm 0cm 0pt; text-align: justify;\"><b style=\"\"><span style=\"font-size: 13pt;\"><o:p>&nbsp;<\/o:p><\/span><\/b><\/div>\n<p class=\"MsoNormal\" style=\"margin: 0cm 0cm 0pt; text-align: justify;\"><font size=\"3\"><font face=\"Times New Roman\">Genel-\u0130\u015f Toplu \u0130\u015f S\u00f6zle\u015fmesi Daire Ba\u015fkan\u0131 \u0130smail \u00d6ZHAMARAT ise, &#8220;B\u00f6ylesine g\u00fczel manzaralara hasrettik. S\u00f6zle\u015fmenin masada bitmesinin heyecan\u0131 i\u00e7erisindeyiz. Belediye Ba\u015fkanlar\u0131m\u0131z bizlerin i\u015fverenleri de\u011fil, halk\u0131m\u0131z\u0131n temsilcileridir. Bizler, \u0130zmit halk\u0131na hizmet eden ve hizmet alan konumunday\u0131z. Bizlere bundan sonra d\u00fc\u015fen g\u00f6rev, elimizden gelen en iyi \u015fekilde hizmet \u00fcretmektir.&#8221; dedi.<span style=\"\">&nbsp; <\/span><\/font><\/font><\/p>\n<div class=\"MsoNormal\" style=\"margin: 0cm 0cm 0pt; text-align: justify;\"><o:p><font size=\"3\" face=\"Times New Roman\">&nbsp;<\/font><\/o:p><\/div>\n<div class=\"MsoNormal\" style=\"margin: 0cm 0cm 0pt; text-align: justify;\"><o:p><img decoding=\"async\" style=\"width: 575px; height: 460px;\" alt=\"\" src=\"\/_resimler_\/resimler\/Saraybahce_4.jpg\" border=\"0\"><\/o:p><\/div>\n<div class=\"MsoNormal\" style=\"margin: 0cm 0cm 0pt; text-align: justify;\"><o:p><\/o:p>&nbsp;<\/div>\n<p class=\"MsoNormal\" style=\"margin: 0cm 0cm 0pt; text-align: justify;\"><font size=\"3\"><font face=\"Times New Roman\">Davul zurna e\u015fli\u011finde<span style=\"\">&nbsp; <\/span>halay \u00e7ekerek kutlan\u0131lan s\u00f6zle\u015fmenin sonunda Genel-\u0130\u015f<span style=\"\">&nbsp; <\/span>T\u0130S. Daire Ba\u015fkan\u0131 \u00d6ZHAMARAT, Ba\u015fkan YEN\u0130CE&#8217;ye<span style=\"\">&nbsp;te\u015fekk\u00fcr <\/span>plaketi verdi.<o:p><\/o:p><\/font><\/font><\/p>\n<p class=\"MsoNormal\" style=\"margin: 0cm 0cm 0pt; text-indent: 35.4pt; text-align: justify;\" align=\"left\">&nbsp;<\/p>\n","protected":false},"excerpt":{"rendered":"&nbsp; &nbsp; &nbsp; \u0130zmit Belediye Ba\u015fkanl\u0131\u011f\u0131 b\u00fcnyesinde&nbsp;\u00e7al\u0131\u015fan yakla\u015f\u0131k 400 i\u015f\u00e7iyi kapsayan Toplu i\u015f s\u00f6zle\u015fmesi 20.05.2008 g\u00fcn\u00fc Belediye hizmet binas\u0131 \u00f6n\u00fcnde [&hellip;]","protected":false},"author":3,"featured_media":0,"comment_status":"open","ping_status":"open","sticky":false,"template":"","format":"standard","meta":{"footnotes":""},"categories":[1,24],"tags":[],"class_list":["post-625","post","type-post","status-publish","format-standard","hentry","category-haberler","category-sozlesmeler"],"_links":{"self":[{"href":"https:\/\/yerelsen.org.tr\/index.php\/wp-json\/wp\/v2\/posts\/625","targetHints":{"allow":["GET"]}}],"collection":[{"href":"https:\/\/yerelsen.org.tr\/index.php\/wp-json\/wp\/v2\/posts"}],"about":[{"href":"https:\/\/yerelsen.org.tr\/index.php\/wp-json\/wp\/v2\/types\/post"}],"author":[{"embeddable":true,"href":"https:\/\/yerelsen.org.tr\/index.php\/wp-json\/wp\/v2\/users\/3"}],"replies":[{"embeddable":true,"href":"https:\/\/yerelsen.org.tr\/index.php\/wp-json\/wp\/v2\/comments?post=625"}],"version-history":[{"count":2,"href":"https:\/\/yerelsen.org.tr\/index.php\/wp-json\/wp\/v2\/posts\/625\/revisions"}],"predecessor-version":[{"id":778,"href":"https:\/\/yerelsen.org.tr\/index.php\/wp-json\/wp\/v2\/posts\/625\/revisions\/778"}],"wp:attachment":[{"href":"https:\/\/yerelsen.org.tr\/index.php\/wp-json\/wp\/v2\/media?parent=625"}],"wp:term":[{"taxonomy":"category","embeddable":true,"href":"https:\/\/yerelsen.org.tr\/index.php\/wp-json\/wp\/v2\/categories?post=625"},{"taxonomy":"post_tag","embeddable":true,"href":"https:\/\/yerelsen.org.tr\/index.php\/wp-json\/wp\/v2\/tags?post=625"}],"curies":[{"name":"wp","href":"https:\/\/api.w.org\/{rel}","templated":true}]}}