{"id":627,"date":"2008-06-09T00:00:00","date_gmt":"2008-06-08T22:00:00","guid":{"rendered":""},"modified":"2011-04-24T15:14:49","modified_gmt":"2011-04-24T13:14:49","slug":"golcuk-belediyesinde-imzalar-atildi","status":"publish","type":"post","link":"https:\/\/yerelsen.org.tr\/index.php\/golcuk-belediyesinde-imzalar-atildi\/","title":{"rendered":"G\u00f6lc\u00fck Belediyesi&#8217;nde \u0130mzalar At\u0131ld\u0131&#8230;"},"content":{"rendered":"<p><DIV class=MsoNormal style=\"MARGIN: 0cm 0cm 0pt; TEXT-ALIGN: justify\"><FONT face=\"Times New Roman\" size=3><\/FONT>&nbsp;<\/DIV><br \/>\n<DIV class=MsoNormal style=\"MARGIN: 0cm 0cm 0pt; TEXT-ALIGN: justify\"><FONT face=\"Times New Roman\" size=3><\/FONT>&nbsp;<\/DIV><br \/>\n<DIV class=MsoNormal style=\"MARGIN: 0cm 0cm 0pt; TEXT-ALIGN: justify\"><FONT face=\"Times New Roman\" size=3><\/FONT>&nbsp;<\/DIV><br \/>\n<DIV class=MsoNormal style=\"MARGIN: 0cm 0cm 0pt; TEXT-ALIGN: justify\"><FONT face=\"Times New Roman\" size=3><\/FONT>&nbsp;<\/DIV><br \/>\n<DIV class=MsoNormal style=\"MARGIN: 0cm 0cm 0pt; TEXT-ALIGN: justify\">&nbsp;<\/DIV><br \/>\n<DIV class=MsoNormal style=\"MARGIN: 0cm 0cm 0pt; TEXT-ALIGN: justify\">&nbsp;<\/DIV><br \/>\n<DIV class=MsoNormal style=\"MARGIN: 0cm 0cm 0pt; TEXT-ALIGN: justify\">&nbsp;<\/DIV><br \/>\n<DIV class=MsoNormal style=\"MARGIN: 0cm 0cm 0pt; TEXT-ALIGN: justify\">&nbsp;<\/DIV><br \/>\n<DIV class=MsoNormal style=\"MARGIN: 0cm 0cm 0pt; TEXT-ALIGN: justify\"><FONT face=\"Times New Roman\" size=3>\u0130mza t\u00f6renine Sendikam\u0131z Genel Ba\u015fkan\u0131 M\u00fcnir KARALO\u011eLU, Sendikam\u0131z Ba\u015fkan Vekili Dr. Mustafa \u00c7\u00d6PO\u011eLU, Genel Sekreterimiz Av. Halil \u00dcST\u00dcNDAL, G\u00f6lc\u00fck Belediye Ba\u015fkan\u0131 Mehmet ELL\u0130BE\u015e, Hizmet-\u0130\u015f Kocaeli \u015eube yetkilileri ile Belediye \u00e7al\u0131\u015fanlar\u0131 kat\u0131ld\u0131lar.<\/FONT><\/DIV><br \/>\n<DIV class=MsoNormal style=\"MARGIN: 0cm 0cm 0pt; TEXT-ALIGN: justify\"><?xml:namespace prefix = o ns = \"urn:schemas-microsoft-com:office:office\" \/><o:p><FONT face=\"Times New Roman\" size=3>&nbsp;<\/FONT><\/o:p><\/DIV><br \/>\n<DIV class=MsoNormal style=\"MARGIN: 0cm 0cm 0pt; TEXT-ALIGN: justify\"><o:p><\/o:p>&nbsp;<\/DIV><br \/>\n<DIV class=MsoNormal style=\"MARGIN: 0cm 0cm 0pt; TEXT-ALIGN: justify\"><o:p><\/o:p>&nbsp;<\/DIV><br \/>\n<DIV class=MsoNormal style=\"MARGIN: 0cm 0cm 0pt; TEXT-ALIGN: justify\"><FONT size=3><FONT face=\"Times New Roman\"><\/FONT><\/FONT>&nbsp;<\/DIV><br \/>\n<DIV class=MsoNormal style=\"MARGIN: 0cm 0cm 0pt; TEXT-ALIGN: justify\"><FONT size=3><FONT face=\"Times New Roman\"><\/FONT><\/FONT>&nbsp;<\/DIV><br \/>\n<DIV class=MsoNormal style=\"MARGIN: 0cm 0cm 0pt; TEXT-ALIGN: justify\"><FONT size=3><FONT face=\"Times New Roman\"><IMG height=480 alt=\"\" src=\"\/_resimler_\/resimler\/Golcuk_Tis_2008_2.JPG\" width=640 border=0><\/FONT><\/FONT><\/DIV><br \/>\n<DIV class=MsoNormal style=\"MARGIN: 0cm 0cm 0pt; TEXT-ALIGN: justify\"><FONT size=3><FONT face=\"Times New Roman\"><\/FONT><\/FONT>&nbsp;<\/DIV><br \/>\n<DIV class=MsoNormal style=\"MARGIN: 0cm 0cm 0pt; TEXT-ALIGN: justify\"><FONT size=3><FONT face=\"Times New Roman\">T\u00f6rende konu\u015fan Sendikam\u0131z Genel Ba\u015fkan\u0131 M\u00fcnir KARALO\u011eLU &#8220;G\u00fczel bir g\u00f6r\u00fc\u015fme s\u00fcrecinin ya\u015fand\u0131\u011f\u0131n\u0131, Toplu i\u015f s\u00f6zle\u015fmesi g\u00f6r\u00fc\u015fme s\u00fcrecinde Yerelsen ve Hizmet-\u0130\u015f \u015eube yetkililerinin sorumlu sendikac\u0131l\u0131k anlay\u0131\u015f\u0131 ile masaya geldi\u011fini ve iyi bir s\u00f6zle\u015fmeye birlikte imza att\u0131klar\u0131n\u0131 ifade etti. Ayr\u0131ca, imk\u00e2nlar \u00f6l\u00e7\u00fcs\u00fcnde verilebilecek en iyi<SPAN style=\"mso-spacerun: yes\">&nbsp; <\/SPAN>\u00fccreti verdiklerini belirterek, eme\u011fi ge\u00e7enlere te\u015fekk\u00fcr etti. <o:p><\/o:p><\/FONT><\/FONT><\/DIV><br \/>\n<DIV class=MsoNormal style=\"MARGIN: 0cm 0cm 0pt; TEXT-ALIGN: justify\"><B style=\"mso-bidi-font-weight: normal\"><SPAN style=\"FONT-SIZE: 13pt\"><o:p><FONT face=\"Times New Roman\">&nbsp;<\/FONT><\/o:p><\/SPAN><\/B><\/DIV><br \/>\n<DIV class=MsoNormal style=\"MARGIN: 0cm 0cm 0pt; TEXT-ALIGN: justify\"><B style=\"mso-bidi-font-weight: normal\"><SPAN style=\"FONT-SIZE: 13pt\"><o:p><IMG height=480 alt=\"\" src=\"\/_resimler_\/resimler\/Golcuk_Tis_2008_3.JPG\" width=640 border=0><\/o:p><\/SPAN><\/B><\/DIV><br \/>\n<DIV class=MsoNormal style=\"MARGIN: 0cm 0cm 0pt; TEXT-ALIGN: justify\"><B style=\"mso-bidi-font-weight: normal\"><SPAN style=\"FONT-SIZE: 13pt\"><o:p><\/o:p><\/SPAN><\/B>&nbsp;<\/DIV><br \/>\n<P class=MsoNormal style=\"MARGIN: 0cm 0cm 0pt; TEXT-ALIGN: justify\"><FONT size=3><FONT face=\"Times New Roman\">Belediye Ba\u015fkan\u0131 Mehmet ELL\u0130BE\u015e konu\u015fmas\u0131nda &#8220;G\u00f6reve se\u00e7ildi\u011fim g\u00fcnden bu yana belediyeyi evim, sizleri de ailem olarak g\u00f6rd\u00fcm. Bu g\u00fcn sizleri mutlu g\u00f6rmek beni de mutlu etti. Bu Toplu i\u015f s\u00f6zle\u015fmesi herkese hay\u0131rl\u0131 olsun&#8221; dedi. <SPAN style=\"mso-spacerun: yes\">&nbsp;<\/SPAN><\/FONT><\/FONT><\/P><br \/>\n<P class=MsoNormal style=\"MARGIN: 0cm 0cm 0pt; TEXT-ALIGN: justify\"><B style=\"mso-bidi-font-weight: normal\"><SPAN style=\"FONT-SIZE: 13pt\"><o:p><FONT face=\"Times New Roman\">&nbsp;<\/FONT><\/o:p><\/SPAN><\/B><\/P><br \/>\n<P class=MsoNormal style=\"MARGIN: 0cm 0cm 0pt; TEXT-ALIGN: justify\"><FONT size=3><FONT face=\"Times New Roman\">Hizmet-\u0130\u015f Kocaeli \u015eube Ba\u015fkan\u0131 \u0130dris ERSOY ise, &#8220;S\u00f6zle\u015fmenin<SPAN style=\"mso-spacerun: yes\">&nbsp; <\/SPAN>bitirilmesi noktas\u0131nda Sendikam\u0131z yetkilileri ile Belediye Ba\u015fkan\u0131n\u0131n g\u00f6sterdi\u011fi iyi niyete te\u015fekk\u00fcr ederek, s\u00f6zle\u015fmenin hay\u0131rl\u0131 olmas\u0131n\u0131 diledi.&#8221; <SPAN style=\"mso-spacerun: yes\">&nbsp;<\/SPAN><\/FONT><\/FONT><\/P><br \/>\n<DIV class=MsoNormal style=\"MARGIN: 0cm 0cm 0pt; TEXT-ALIGN: justify\"><o:p><FONT face=\"Times New Roman\" size=3><\/FONT><\/o:p>&nbsp;<\/DIV><br \/>\n<DIV class=MsoNormal style=\"MARGIN: 0cm 0cm 0pt; TEXT-ALIGN: justify\"><o:p><IMG height=480 alt=\"\" src=\"\/_resimler_\/resimler\/Golcuk_Tis_2008_4.JPG\" width=640 border=0><\/o:p><\/DIV><br \/>\n<DIV class=MsoNormal style=\"MARGIN: 0cm 0cm 0pt; TEXT-ALIGN: justify\"><o:p>&nbsp;<\/o:p><\/DIV><br \/>\n<P class=MsoNormal style=\"MARGIN: 0cm 0cm 0pt; TEXT-ALIGN: justify\"><FONT size=3><FONT face=\"Times New Roman\">Davul zurna e\u015fli\u011finde<SPAN style=\"mso-spacerun: yes\">&nbsp; <\/SPAN>halay \u00e7ekerek kutlan\u0131lan s\u00f6zle\u015fmenin sonunda <SPAN style=\"mso-spacerun: yes\">&nbsp;<\/SPAN>taraflar birlikte bir hat\u0131ra foto\u011fraf\u0131 \u00e7ektirdiler.<o:p><\/o:p><\/FONT><\/FONT><\/P><\/p>\n","protected":false},"excerpt":{"rendered":"&nbsp; &nbsp; &nbsp; &nbsp; &nbsp; &nbsp; &nbsp; &nbsp; \u0130mza t\u00f6renine Sendikam\u0131z Genel Ba\u015fkan\u0131 M\u00fcnir KARALO\u011eLU, Sendikam\u0131z Ba\u015fkan Vekili Dr. Mustafa [&hellip;]","protected":false},"author":3,"featured_media":0,"comment_status":"open","ping_status":"open","sticky":false,"template":"","format":"standard","meta":{"footnotes":""},"categories":[1,24],"tags":[],"class_list":["post-627","post","type-post","status-publish","format-standard","hentry","category-haberler","category-sozlesmeler"],"_links":{"self":[{"href":"https:\/\/yerelsen.org.tr\/index.php\/wp-json\/wp\/v2\/posts\/627","targetHints":{"allow":["GET"]}}],"collection":[{"href":"https:\/\/yerelsen.org.tr\/index.php\/wp-json\/wp\/v2\/posts"}],"about":[{"href":"https:\/\/yerelsen.org.tr\/index.php\/wp-json\/wp\/v2\/types\/post"}],"author":[{"embeddable":true,"href":"https:\/\/yerelsen.org.tr\/index.php\/wp-json\/wp\/v2\/users\/3"}],"replies":[{"embeddable":true,"href":"https:\/\/yerelsen.org.tr\/index.php\/wp-json\/wp\/v2\/comments?post=627"}],"version-history":[{"count":2,"href":"https:\/\/yerelsen.org.tr\/index.php\/wp-json\/wp\/v2\/posts\/627\/revisions"}],"predecessor-version":[{"id":775,"href":"https:\/\/yerelsen.org.tr\/index.php\/wp-json\/wp\/v2\/posts\/627\/revisions\/775"}],"wp:attachment":[{"href":"https:\/\/yerelsen.org.tr\/index.php\/wp-json\/wp\/v2\/media?parent=627"}],"wp:term":[{"taxonomy":"category","embeddable":true,"href":"https:\/\/yerelsen.org.tr\/index.php\/wp-json\/wp\/v2\/categories?post=627"},{"taxonomy":"post_tag","embeddable":true,"href":"https:\/\/yerelsen.org.tr\/index.php\/wp-json\/wp\/v2\/tags?post=627"}],"curies":[{"name":"wp","href":"https:\/\/api.w.org\/{rel}","templated":true}]}}