{"id":629,"date":"2008-06-09T00:00:00","date_gmt":"2008-06-08T22:00:00","guid":{"rendered":""},"modified":"2011-04-24T15:14:55","modified_gmt":"2011-04-24T13:14:55","slug":"fuarda-sozlesme-imzalandi","status":"publish","type":"post","link":"https:\/\/yerelsen.org.tr\/index.php\/fuarda-sozlesme-imzalandi\/","title":{"rendered":"Fuar&#8217;da S\u00f6zle\u015fme \u0130mzaland\u0131&#8230;"},"content":{"rendered":"<p><DIV class=MsoNormal style=\"MARGIN: 0cm 0cm 0pt; TEXT-ALIGN: justify\"><FONT face=\"Times New Roman\" size=3><\/FONT>&nbsp;<\/DIV><br \/>\n<DIV class=MsoNormal style=\"MARGIN: 0cm 0cm 0pt; TEXT-ALIGN: justify\"><FONT face=\"Times New Roman\" size=3><\/FONT>&nbsp;<\/DIV><br \/>\n<DIV class=MsoNormal style=\"MARGIN: 0cm 0cm 0pt; TEXT-ALIGN: justify\"><FONT face=\"Times New Roman\" size=3><\/FONT>&nbsp;<\/DIV><br \/>\n<DIV class=MsoNormal style=\"MARGIN: 0cm 0cm 0pt; TEXT-ALIGN: justify\"><FONT face=\"Times New Roman\" size=3><\/FONT>&nbsp;<\/DIV><br \/>\n<DIV class=MsoNormal style=\"MARGIN: 0cm 0cm 0pt; TEXT-ALIGN: justify\"><FONT face=\"Times New Roman\" size=3><\/FONT>&nbsp;<\/DIV><br \/>\n<DIV class=MsoNormal style=\"MARGIN: 0cm 0cm 0pt; TEXT-ALIGN: justify\"><FONT face=\"Times New Roman\" size=3><\/FONT>&nbsp;<\/DIV><br \/>\n<DIV class=MsoNormal style=\"MARGIN: 0cm 0cm 0pt; TEXT-ALIGN: justify\"><FONT face=\"Times New Roman\" size=3>\u0130mza t\u00f6renine Sendikam\u0131z Genel Ba\u015fkan\u0131 M\u00fcnir KARALO\u011eLU, Sendikam\u0131z Ba\u015fkan Vekili Dr. Mustafa \u00c7\u00d6PO\u011eLU, Genel Sekreterimiz Av. Halil \u00dcST\u00dcNDAL, Fuar M\u00fcd\u00fcr\u00fc Feyzi UTA\u015e, Koop-\u0130\u015f Genel Mali Sekreteri Metin G\u00dcNEY, Koop-\u0130\u015f Sakarya \u015eube Ba\u015fkan\u0131 \u015eevket ULUS\u0130NAN ve \u015fube yetkilileri ile Kocaeli Fuar \u00e7al\u0131\u015fanlar\u0131 kat\u0131ld\u0131lar.<\/FONT><\/DIV><br \/>\n<DIV class=MsoNormal style=\"MARGIN: 0cm 0cm 0pt; TEXT-ALIGN: justify\"><?xml:namespace prefix = o ns = \"urn:schemas-microsoft-com:office:office\" \/><o:p><FONT face=\"Times New Roman\" size=3><\/FONT><\/o:p>&nbsp;<\/DIV><br \/>\n<DIV class=MsoNormal style=\"MARGIN: 0cm 0cm 0pt; TEXT-ALIGN: justify\"><o:p><\/o:p>&nbsp;<\/DIV><br \/>\n<DIV class=MsoNormal style=\"MARGIN: 0cm 0cm 0pt; TEXT-ALIGN: justify\"><o:p><\/o:p>&nbsp;<\/DIV><br \/>\n<DIV class=MsoNormal style=\"MARGIN: 0cm 0cm 0pt; TEXT-ALIGN: justify\"><o:p><\/o:p>&nbsp;<\/DIV><br \/>\n<DIV class=MsoNormal style=\"MARGIN: 0cm 0cm 0pt; TEXT-ALIGN: justify\"><o:p><\/o:p>&nbsp;<\/DIV><br \/>\n<DIV class=MsoNormal style=\"MARGIN: 0cm 0cm 0pt; TEXT-ALIGN: justify\"><o:p><\/o:p>&nbsp;<\/DIV><br \/>\n<DIV class=MsoNormal style=\"MARGIN: 0cm 0cm 0pt; TEXT-ALIGN: justify\"><o:p><\/o:p>&nbsp;<\/DIV><br \/>\n<DIV class=MsoNormal style=\"MARGIN: 0cm 0cm 0pt; TEXT-ALIGN: justify\"><o:p><IMG height=480 alt=\"\" src=\"\/_resimler_\/resimler\/Fuar_Tis_2008_2.JPG\" width=640 border=0><\/o:p><\/DIV><br \/>\n<DIV class=MsoNormal style=\"MARGIN: 0cm 0cm 0pt; TEXT-ALIGN: justify\"><FONT size=3><FONT face=\"Times New Roman\"><\/FONT><\/FONT>&nbsp;<\/DIV><br \/>\n<DIV class=MsoNormal style=\"MARGIN: 0cm 0cm 0pt; TEXT-ALIGN: justify\"><FONT size=3><FONT face=\"Times New Roman\">Sendikam\u0131z Genel Ba\u015fkan\u0131 M\u00fcnir KARALO\u011eLU imza t\u00f6renindeki konu\u015fmas\u0131nda <SPAN style=\"mso-spacerun: yes\">&nbsp;<\/SPAN>&#8220;D\u00fcn G\u00f6lc\u00fck Belediyesinin s\u00f6zle\u015fmesini imzalad\u0131k. Bu g\u00fcn de burada Fuar M\u00fcd\u00fcrl\u00fc\u011f\u00fc&#8217;n\u00fcn s\u00f6zle\u015fmesini imzalayaca\u011f\u0131z. Bu s\u00f6zle\u015fmenin m\u00fczakere s\u00fcrecinde eme\u011fi ge\u00e7enlere ve ekibime te\u015fekk\u00fcr ediyorum&#8221;. dedi. Ayr\u0131ca, g\u00fcnl\u00fck yevmiyeye verilen 6 YTL&#8217;nin<SPAN style=\"mso-spacerun: yes\">&nbsp; <\/SPAN>% 20 oran\u0131nda bir \u00fccret zamm\u0131 oldu\u011funu, b\u00f6ylelikle Fuar&#8217;da \u00e7al\u0131\u015fan ve d\u00fc\u015f\u00fck \u00fccret alanlar\u0131n \u00fccretlerinin bu s\u00f6zle\u015fmeyle d\u00fczeltildi\u011fini&#8221; ifade ederek, s\u00f6zle\u015fmenin herkese hay\u0131rl\u0131 olmas\u0131n\u0131 diledi.<SPAN style=\"mso-spacerun: yes\">&nbsp; <\/SPAN><\/FONT><\/FONT><\/DIV><br \/>\n<P class=MsoNormal style=\"MARGIN: 0cm 0cm 0pt; TEXT-ALIGN: justify\"><o:p><FONT face=\"Times New Roman\" size=3>&nbsp;<\/FONT><\/o:p><\/P><br \/>\n<DIV class=MsoNormal style=\"MARGIN: 0cm 0cm 0pt; TEXT-ALIGN: justify\"><FONT face=\"Times New Roman\" size=3>Koop-\u0130\u015f Sakarya \u015eube Ba\u015fkan\u0131<SPAN style=\"mso-spacerun: yes\">&nbsp; <\/SPAN>\u015eevket ULUS\u0130NAN da &#8220;S\u00f6zle\u015fmenin masada bitmesinden duydu\u011fu memnuniyeti ifade ederek s\u00f6zle\u015fmenin t\u00fcm \u00e7al\u0131\u015fanlara hay\u0131rl\u0131 olmas\u0131n\u0131 diledi.<\/FONT><\/DIV><br \/>\n<DIV class=MsoNormal style=\"MARGIN: 0cm 0cm 0pt; TEXT-ALIGN: justify\"><FONT face=\"Times New Roman\" size=3><\/FONT>&nbsp;<\/DIV><br \/>\n<P class=MsoNormal style=\"MARGIN: 0cm 0cm 0pt; TEXT-ALIGN: justify; tab-stops: 36.0pt\"><SPAN style=\"mso-tab-count: 1\"><FONT face=\"Times New Roman\" size=3><IMG height=480 alt=\"\" src=\"\/_resimler_\/resimler\/Fuar_Tis_2008_3.JPG\" width=640 border=0>&nbsp;&nbsp;&nbsp;&nbsp;&nbsp;&nbsp;&nbsp;&nbsp;&nbsp;&nbsp;&nbsp; <\/FONT><\/SPAN><\/P><br \/>\n<DIV class=MsoNormal style=\"MARGIN: 0cm 0cm 0pt; TEXT-ALIGN: justify; tab-stops: 36.0pt\"><FONT face=\"Times New Roman\" size=3><\/FONT>&nbsp;<\/DIV><br \/>\n<DIV class=MsoNormal style=\"MARGIN: 0cm 0cm 0pt; TEXT-ALIGN: justify; tab-stops: 36.0pt\"><FONT face=\"Times New Roman\" size=3>\u0130mza t\u00f6reni sonras\u0131nda i\u015fyeri<SPAN style=\"mso-spacerun: yes\">&nbsp; <\/SPAN>sendika temsilcileri taraf\u0131ndan i\u015f\u00e7iler ad\u0131na, Sendikam\u0131z Genel Ba\u015fkan\u0131 M\u00fcnir KARALO\u011eLU, Sendikam\u0131z Ba\u015fkan Vekili Dr. Mustafa \u00c7\u00d6PO\u011eLU, Genel Sekreterimiz Av. Halil \u00dcST\u00dcNDAL ile Fuar M\u00fcd\u00fcr\u00fc Feyzi UTA\u015e&#8217;a te\u015fekk\u00fcr plaketi verildi.<\/FONT><\/DIV><br \/>\n<DIV class=MsoNormal style=\"MARGIN: 0cm 0cm 0pt; TEXT-ALIGN: justify; tab-stops: 100.5pt\"><SPAN style=\"mso-tab-count: 1\"><FONT face=\"Times New Roman\" size=3><\/FONT><\/SPAN>&nbsp;<\/DIV><br \/>\n<DIV class=MsoNormal style=\"MARGIN: 0cm 0cm 0pt; TEXT-ALIGN: justify; tab-stops: 100.5pt\"><SPAN style=\"mso-tab-count: 1\"><FONT face=\"Times New Roman\" size=3><IMG height=480 alt=\"\" src=\"\/_resimler_\/resimler\/Fuar_Tis_2008_4.JPG\" width=640 border=0>&nbsp;&nbsp;&nbsp;&nbsp;&nbsp;&nbsp;&nbsp;&nbsp;&nbsp;&nbsp;&nbsp;&nbsp;&nbsp;&nbsp;&nbsp;&nbsp;&nbsp;&nbsp;&nbsp;&nbsp;&nbsp;&nbsp;&nbsp;&nbsp;&nbsp;&nbsp;&nbsp;&nbsp;&nbsp;&nbsp;&nbsp;&nbsp;&nbsp; <\/FONT><\/SPAN><o:p><\/o:p><\/DIV><\/p>\n","protected":false},"excerpt":{"rendered":"&nbsp; &nbsp; &nbsp; &nbsp; &nbsp; &nbsp; \u0130mza t\u00f6renine Sendikam\u0131z Genel Ba\u015fkan\u0131 M\u00fcnir KARALO\u011eLU, Sendikam\u0131z Ba\u015fkan Vekili Dr. Mustafa \u00c7\u00d6PO\u011eLU, Genel [&hellip;]","protected":false},"author":3,"featured_media":0,"comment_status":"open","ping_status":"open","sticky":false,"template":"","format":"standard","meta":{"footnotes":""},"categories":[1,24],"tags":[],"class_list":["post-629","post","type-post","status-publish","format-standard","hentry","category-haberler","category-sozlesmeler"],"_links":{"self":[{"href":"https:\/\/yerelsen.org.tr\/index.php\/wp-json\/wp\/v2\/posts\/629","targetHints":{"allow":["GET"]}}],"collection":[{"href":"https:\/\/yerelsen.org.tr\/index.php\/wp-json\/wp\/v2\/posts"}],"about":[{"href":"https:\/\/yerelsen.org.tr\/index.php\/wp-json\/wp\/v2\/types\/post"}],"author":[{"embeddable":true,"href":"https:\/\/yerelsen.org.tr\/index.php\/wp-json\/wp\/v2\/users\/3"}],"replies":[{"embeddable":true,"href":"https:\/\/yerelsen.org.tr\/index.php\/wp-json\/wp\/v2\/comments?post=629"}],"version-history":[{"count":2,"href":"https:\/\/yerelsen.org.tr\/index.php\/wp-json\/wp\/v2\/posts\/629\/revisions"}],"predecessor-version":[{"id":776,"href":"https:\/\/yerelsen.org.tr\/index.php\/wp-json\/wp\/v2\/posts\/629\/revisions\/776"}],"wp:attachment":[{"href":"https:\/\/yerelsen.org.tr\/index.php\/wp-json\/wp\/v2\/media?parent=629"}],"wp:term":[{"taxonomy":"category","embeddable":true,"href":"https:\/\/yerelsen.org.tr\/index.php\/wp-json\/wp\/v2\/categories?post=629"},{"taxonomy":"post_tag","embeddable":true,"href":"https:\/\/yerelsen.org.tr\/index.php\/wp-json\/wp\/v2\/tags?post=629"}],"curies":[{"name":"wp","href":"https:\/\/api.w.org\/{rel}","templated":true}]}}