{"id":630,"date":"2008-07-14T00:00:00","date_gmt":"2008-07-13T22:00:00","guid":{"rendered":""},"modified":"2011-04-24T15:14:43","modified_gmt":"2011-04-24T13:14:43","slug":"hendek-belediyesinde-imzalar-atildi","status":"publish","type":"post","link":"https:\/\/yerelsen.org.tr\/index.php\/hendek-belediyesinde-imzalar-atildi\/","title":{"rendered":"Hendek Belediyesi&#8217;nde \u0130mzalar At\u0131ld\u0131&#8230;"},"content":{"rendered":"<div class=\"MsoNormal\" style=\"margin: 0cm 0cm 0pt; text-indent: 35.4pt; text-align: justify;\"><b style=\"\"><span style=\"font-size: 13pt;\"><o:p><font face=\"Times New Roman\"><\/font><\/o:p><\/span><\/b>&nbsp;<\/div>\n<div class=\"MsoNormal\" style=\"margin: 0cm 0cm 0pt; text-indent: 35.4pt; text-align: justify;\"><b style=\"\"><span style=\"font-size: 13pt;\"><o:p><\/o:p><\/span><\/b>&nbsp;<\/div>\n<div class=\"MsoNormal\" style=\"margin: 0cm 0cm 0pt; text-indent: 35.4pt; text-align: justify;\"><b style=\"\"><span style=\"font-size: 13pt;\"><o:p><\/o:p><\/span><\/b>&nbsp;<\/div>\n<div class=\"MsoNormal\" style=\"margin: 0cm 0cm 0pt; text-indent: 35.4pt; text-align: justify;\"><b style=\"\"><span style=\"font-size: 13pt;\"><o:p><\/o:p><\/span><\/b>&nbsp;<\/div>\n<div class=\"MsoNormal\" style=\"margin: 0cm 0cm 0pt; text-indent: 35.4pt; text-align: justify;\"><b style=\"\"><span style=\"font-size: 13pt;\"><o:p>&nbsp;<\/o:p><\/span><\/b><\/div>\n<p class=\"MsoNormal\" style=\"margin: 0cm 0cm 0pt; text-align: justify;\"><font size=\"3\" face=\"Times New Roman\">\u0130mza t\u00f6renine Sendikam\u0131z Genel Ba\u015fkan\u0131 M\u00fcnir KARALO\u011eLU, Ba\u015fkan Vekilimiz&nbsp;&nbsp;&nbsp;&nbsp;&nbsp; Dr. Mustafa \u00c7\u00d6PO\u011eLU, Hendek Belediye Ba\u015fkan\u0131 Ali \u0130NC\u0130, Belediye Ba\u015fkan Yard\u0131mc\u0131s\u0131 Mehmet Gevher, Sendikam\u0131z uzmanlar\u0131 Hasan TENL\u0130K ve Av. Semih T\u00dcREYEN, Hizmet-\u0130\u015f Sakarya \u015eube Ba\u015fkan\u0131 Fahrettin K\u00dcT\u00dcK\u00c7\u00dc, Hendek Belediyesi Mali&nbsp;Hizmetler M\u00fcd\u00fcr\u00fc Abdurrahman SEM\u0130Z ve Yaz\u0131 \u0130\u015fleri M\u00fcd\u00fcr\u00fc Hilmi \u00d6ZKOYUNCU ile Belediye \u00e7al\u0131\u015fanlar\u0131 kat\u0131ld\u0131lar.<\/font><\/p>\n<div class=\"MsoNormal\" style=\"margin: 0cm 0cm 0pt; text-align: justify;\"><o:p><font size=\"3\" face=\"Times New Roman\"><\/font><\/o:p>&nbsp;<\/div>\n<div class=\"MsoNormal\" style=\"margin: 0cm 0cm 0pt; text-align: justify;\">&nbsp;<\/div>\n<div class=\"MsoNormal\" style=\"margin: 0cm 0cm 0pt; text-align: justify;\">&nbsp;<\/div>\n<div class=\"MsoNormal\" style=\"margin: 0cm 0cm 0pt; text-align: justify;\">&nbsp;&nbsp;<\/div>\n<div class=\"MsoNormal\" style=\"margin: 0cm 0cm 0pt; text-align: justify;\">&nbsp;<\/div>\n<div class=\"MsoNormal\" style=\"margin: 0cm 0cm 0pt; text-align: justify;\"><o:p><img decoding=\"async\" style=\"width: 598px; height: 367px;\" alt=\"\" src=\"\/_resimler_\/resimler\/Hendek_1.JPG\" border=\"0\"><\/o:p><\/div>\n<div class=\"MsoNormal\" style=\"margin: 0cm 0cm 0pt; text-align: justify;\"><o:p>&nbsp;<\/o:p><\/div>\n<p class=\"MsoNormal\" style=\"margin: 0cm 0cm 0pt; text-align: justify;\"><font size=\"3\"><font face=\"Times New Roman\">T\u00f6rende konu\u015fan Sendikam\u0131z Genel Ba\u015fkan\u0131 M\u00fcnir KARALO\u011eLU &#8220;Yerelsen&#8217;in Belediye ad\u0131na Toplu S\u00f6zle\u015fme pazarl\u0131\u011f\u0131 yapan i\u015fveren sendikas\u0131 oldu\u011funu belirterek, g\u00fczel bir g\u00f6r\u00fc\u015fme s\u00fcrecinin ya\u015fand\u0131\u011f\u0131n\u0131, Yerelsen ve Hizmet-\u0130\u015f \u015eube yetkililerinin iyi bir s\u00f6zle\u015fmeye birlikte imza att\u0131klar\u0131n\u0131, imk\u00e2nlar \u00f6l\u00e7\u00fcs\u00fcnde verilebilecek en iyi \u00fccreti verdiklerini ifade etti. Ayr\u0131ca, KARALO\u011eLU<span style=\"\">&nbsp; &#8221; <\/span>i\u015fverenin i\u015f\u00e7ilerine sahip \u00e7\u0131kmas\u0131n\u0131n sevindirici bir olay oldu\u011funu&#8221; dile getirerek, eme\u011fi ge\u00e7enlere te\u015fekk\u00fcr etti. <o:p><\/o:p><\/font><\/font><\/p>\n<div class=\"MsoNormal\" style=\"margin: 0cm 0cm 0pt; text-align: justify;\"><b style=\"\"><span style=\"font-size: 13pt;\"><o:p><font face=\"Times New Roman\"><\/font><\/o:p><\/span><\/b>&nbsp;<\/div>\n<div class=\"MsoNormal\" style=\"margin: 0cm 0cm 0pt; text-align: justify;\"><b style=\"\"><span style=\"font-size: 13pt;\"><o:p><img decoding=\"async\" style=\"width: 607px; height: 381px;\" alt=\"\" src=\"\/_resimler_\/resimler\/Hendek_4.jpg\" border=\"0\"><\/o:p><\/span><\/b><\/div>\n<div class=\"MsoNormal\" style=\"margin: 0cm 0cm 0pt; text-align: justify;\"><b style=\"\"><span style=\"font-size: 13pt;\"><o:p>&nbsp;<\/o:p><\/span><\/b><\/div>\n<p class=\"MsoNormal\" style=\"margin: 0cm 0cm 0pt; text-align: justify;\"><font size=\"3\" face=\"Times New Roman\">Belediye Ba\u015fkan\u0131 Ali \u0130NC\u0130 konu\u015fmas\u0131nda, belediye i\u015f\u00e7ilerinin \u00e7ok gayretli \u00e7al\u0131\u015ft\u0131klar\u0131n\u0131 ifade ederek, &#8220;Sizlerle birlikte Hendek&#8217;in \u00e7ehresini de\u011fi\u015ftirdik. Ba\u015far\u0131l\u0131 hizmetlere hep birlikte imza att\u0131k. Ald\u0131\u011f\u0131n\u0131z \u00fccret hepinize hay\u0131rl\u0131 olsun&#8221; dedi. Ayr\u0131ca Yerelsen yetkilileri ile Hizmet-\u0130\u015f yetkililerine Toplu \u0130\u015f S\u00f6zle\u015fmesi m\u00fczakerelerindeki yap\u0131c\u0131 tav\u0131rlar\u0131ndan dolay\u0131 te\u015fekk\u00fcr ederek s\u00f6zle\u015fmenin herkese hay\u0131rl\u0131 olmas\u0131n\u0131 diledi. <\/font><\/p>\n<p class=\"MsoNormal\" style=\"margin: 0cm 0cm 0pt; text-align: justify;\"><b style=\"\"><span style=\"font-size: 13pt;\"><o:p><font face=\"Times New Roman\">&nbsp;<\/font><\/o:p><\/span><\/b><\/p>\n<p class=\"MsoNormal\" style=\"margin: 0cm 0cm 0pt; text-align: justify;\"><font size=\"3\" face=\"Times New Roman\">Hizmet-\u0130\u015f Sakarya \u015eube Ba\u015fkan\u0131 Fahrettin K\u00dcT\u00dcK\u00c7\u00dc ise, Belediye Ba\u015fkan\u0131 Ali \u0130NC\u0130&#8217;ye i\u015f\u00e7i haklar\u0131na g\u00f6stermi\u015f oldu\u011fu sayg\u0131dan ve \u00e7al\u0131\u015fanlara sahip \u00e7\u0131kmas\u0131ndan dolay\u0131 te\u015fekk\u00fcr etti. Ayr\u0131ca, sonucun her iki taraf\u0131 da mutlu etti\u011fini belirterek s\u00f6zle\u015fmenin herkese hay\u0131rl\u0131 olmas\u0131n\u0131 diledi.<\/font><\/p>\n<div class=\"MsoNormal\" style=\"margin: 0cm 0cm 0pt; text-align: justify;\"><o:p><font size=\"3\" face=\"Times New Roman\"><\/font><\/o:p>&nbsp;<\/div>\n<div class=\"MsoNormal\" style=\"margin: 0cm 0cm 0pt; text-align: justify;\"><o:p><img decoding=\"async\" style=\"width: 612px; height: 389px;\" alt=\"\" src=\"\/_resimler_\/resimler\/Hendek_3.JPG\" border=\"0\"><\/o:p><\/div>\n<div class=\"MsoNormal\" style=\"margin: 0cm 0cm 0pt; text-align: justify;\"><o:p>&nbsp;<\/o:p><\/div>\n<p class=\"MsoNormal\" style=\"margin: 0cm 0cm 0pt; text-align: justify;\"><font size=\"3\"><font face=\"Times New Roman\">Toplu \u0130\u015f S\u00f6zle\u015fmesi imza t\u00f6reni sonras\u0131nda taraflar birlikte bir hat\u0131ra foto\u011fraf\u0131 \u00e7ektirdiler.<o:p><\/o:p><\/font><\/font><\/p>\n","protected":false},"excerpt":{"rendered":"&nbsp; &nbsp; &nbsp; &nbsp; &nbsp; \u0130mza t\u00f6renine Sendikam\u0131z Genel Ba\u015fkan\u0131 M\u00fcnir KARALO\u011eLU, Ba\u015fkan Vekilimiz&nbsp;&nbsp;&nbsp;&nbsp;&nbsp; Dr. Mustafa \u00c7\u00d6PO\u011eLU, Hendek Belediye Ba\u015fkan\u0131 [&hellip;]","protected":false},"author":3,"featured_media":0,"comment_status":"open","ping_status":"open","sticky":false,"template":"","format":"standard","meta":{"footnotes":""},"categories":[1,24],"tags":[],"class_list":["post-630","post","type-post","status-publish","format-standard","hentry","category-haberler","category-sozlesmeler"],"_links":{"self":[{"href":"https:\/\/yerelsen.org.tr\/index.php\/wp-json\/wp\/v2\/posts\/630","targetHints":{"allow":["GET"]}}],"collection":[{"href":"https:\/\/yerelsen.org.tr\/index.php\/wp-json\/wp\/v2\/posts"}],"about":[{"href":"https:\/\/yerelsen.org.tr\/index.php\/wp-json\/wp\/v2\/types\/post"}],"author":[{"embeddable":true,"href":"https:\/\/yerelsen.org.tr\/index.php\/wp-json\/wp\/v2\/users\/3"}],"replies":[{"embeddable":true,"href":"https:\/\/yerelsen.org.tr\/index.php\/wp-json\/wp\/v2\/comments?post=630"}],"version-history":[{"count":2,"href":"https:\/\/yerelsen.org.tr\/index.php\/wp-json\/wp\/v2\/posts\/630\/revisions"}],"predecessor-version":[{"id":774,"href":"https:\/\/yerelsen.org.tr\/index.php\/wp-json\/wp\/v2\/posts\/630\/revisions\/774"}],"wp:attachment":[{"href":"https:\/\/yerelsen.org.tr\/index.php\/wp-json\/wp\/v2\/media?parent=630"}],"wp:term":[{"taxonomy":"category","embeddable":true,"href":"https:\/\/yerelsen.org.tr\/index.php\/wp-json\/wp\/v2\/categories?post=630"},{"taxonomy":"post_tag","embeddable":true,"href":"https:\/\/yerelsen.org.tr\/index.php\/wp-json\/wp\/v2\/tags?post=630"}],"curies":[{"name":"wp","href":"https:\/\/api.w.org\/{rel}","templated":true}]}}