{"id":7675,"date":"2017-03-09T08:33:28","date_gmt":"2017-03-09T06:33:28","guid":{"rendered":"https:\/\/yerelsen.org.tr\/?p=7675"},"modified":"2017-03-09T08:33:28","modified_gmt":"2017-03-09T06:33:28","slug":"geyvede-anlasma-saglandi","status":"publish","type":"post","link":"https:\/\/yerelsen.org.tr\/index.php\/geyvede-anlasma-saglandi\/","title":{"rendered":"Geyve\u2019de Anla\u015fma Sa\u011fland\u0131"},"content":{"rendered":"<p style=\"text-align: justify;\"><a href=\"https:\/\/yerelsen.org.tr\/wp-content\/uploads\/2017\/03\/2-972-x-648.jpg\"><img loading=\"lazy\" decoding=\"async\" class=\"aligncenter wp-image-7677\" src=\"https:\/\/yerelsen.org.tr\/wp-content\/uploads\/2017\/03\/2-972-x-648.jpg\" alt=\"2 (972 x 648)\" width=\"690\" height=\"460\" srcset=\"https:\/\/yerelsen.org.tr\/wp-content\/uploads\/2017\/03\/2-972-x-648.jpg 972w, https:\/\/yerelsen.org.tr\/wp-content\/uploads\/2017\/03\/2-972-x-648-620x413.jpg 620w, https:\/\/yerelsen.org.tr\/wp-content\/uploads\/2017\/03\/2-972-x-648-850x567.jpg 850w\" sizes=\"auto, (max-width: 690px) 100vw, 690px\" \/><\/a><\/p>\n<p style=\"text-align: justify;\">Sendikam\u0131z \u00fcyelerinden Geyve Belediyesi\u2019nde yeni d\u00f6nem toplu i\u015f s\u00f6zle\u015fmesi g\u00f6r\u00fc\u015fmeleri nihayete erdi. \u0130\u015fveren ad\u0131na g\u00f6r\u00fc\u015fmelere kat\u0131lan sendikam\u0131z ile Hizmet-\u0130\u015f Sendikas\u0131 aras\u0131nda ger\u00e7ekle\u015fen ve 33 belediye i\u015f\u00e7isini ilgilendiren toplu i\u015f s\u00f6zle\u015fmesi 7 Mart 2017 tarihinde Geyve Belediyesi\u2019nde imzaland\u0131.<\/p>\n<p style=\"text-align: justify;\">Geyve Belediyesinde ger\u00e7ekle\u015fen toplant\u0131ya Ba\u015fkan\u0131 Murat Kaya, Muhasebe Personeli Fuat Barut\u00e7u\u2019nun yan\u0131 s\u0131ra sendikam\u0131z uzmanlar\u0131ndan Yavuz Alt\u0131n\u0131\u015f\u0131k ve Cavit Tokp\u0131nar kat\u0131ld\u0131. \u0130\u015f\u00e7ileri temsilen Hizmet \u0130\u015f Sendikas\u0131 Sakarya \u015eube Ba\u015fkan\u0131 Mehmet Mesut G\u00f6kdemir, sendika yetkililerinden Osman Kasapo\u011flu, Ertu\u011frul Akba\u015f ve i\u015fyeri temsilcilerinin de haz\u0131r bulundu\u011fu toplant\u0131 sonucunda i\u015f\u00e7i sendikas\u0131n\u0131n 79 maddelik s\u00f6zle\u015fme tasla\u011f\u0131 \u00fczerinden 1 y\u0131ll\u0131\u011f\u0131na anla\u015fmaya var\u0131ld\u0131.<\/p>\n","protected":false},"excerpt":{"rendered":"Sendikam\u0131z \u00fcyelerinden Geyve Belediyesi\u2019nde yeni d\u00f6nem toplu i\u015f s\u00f6zle\u015fmesi g\u00f6r\u00fc\u015fmeleri nihayete erdi. \u0130\u015fveren ad\u0131na g\u00f6r\u00fc\u015fmelere kat\u0131lan sendikam\u0131z ile Hizmet-\u0130\u015f Sendikas\u0131 [&hellip;]","protected":false},"author":3,"featured_media":7676,"comment_status":"closed","ping_status":"closed","sticky":false,"template":"","format":"standard","meta":{"footnotes":""},"categories":[1],"tags":[],"class_list":["post-7675","post","type-post","status-publish","format-standard","has-post-thumbnail","hentry","category-haberler"],"_links":{"self":[{"href":"https:\/\/yerelsen.org.tr\/index.php\/wp-json\/wp\/v2\/posts\/7675","targetHints":{"allow":["GET"]}}],"collection":[{"href":"https:\/\/yerelsen.org.tr\/index.php\/wp-json\/wp\/v2\/posts"}],"about":[{"href":"https:\/\/yerelsen.org.tr\/index.php\/wp-json\/wp\/v2\/types\/post"}],"author":[{"embeddable":true,"href":"https:\/\/yerelsen.org.tr\/index.php\/wp-json\/wp\/v2\/users\/3"}],"replies":[{"embeddable":true,"href":"https:\/\/yerelsen.org.tr\/index.php\/wp-json\/wp\/v2\/comments?post=7675"}],"version-history":[{"count":1,"href":"https:\/\/yerelsen.org.tr\/index.php\/wp-json\/wp\/v2\/posts\/7675\/revisions"}],"predecessor-version":[{"id":7678,"href":"https:\/\/yerelsen.org.tr\/index.php\/wp-json\/wp\/v2\/posts\/7675\/revisions\/7678"}],"wp:featuredmedia":[{"embeddable":true,"href":"https:\/\/yerelsen.org.tr\/index.php\/wp-json\/wp\/v2\/media\/7676"}],"wp:attachment":[{"href":"https:\/\/yerelsen.org.tr\/index.php\/wp-json\/wp\/v2\/media?parent=7675"}],"wp:term":[{"taxonomy":"category","embeddable":true,"href":"https:\/\/yerelsen.org.tr\/index.php\/wp-json\/wp\/v2\/categories?post=7675"},{"taxonomy":"post_tag","embeddable":true,"href":"https:\/\/yerelsen.org.tr\/index.php\/wp-json\/wp\/v2\/tags?post=7675"}],"curies":[{"name":"wp","href":"https:\/\/api.w.org\/{rel}","templated":true}]}}