{"id":8189,"date":"2017-11-22T09:35:42","date_gmt":"2017-11-22T07:35:42","guid":{"rendered":"https:\/\/yerelsen.org.tr\/?p=8189"},"modified":"2017-11-22T09:36:04","modified_gmt":"2017-11-22T07:36:04","slug":"korgan-belediyesinde-ilk-gorusme-yapildi","status":"publish","type":"post","link":"https:\/\/yerelsen.org.tr\/index.php\/korgan-belediyesinde-ilk-gorusme-yapildi\/","title":{"rendered":"Korgan Belediyesi\u2019nde \u0130lk G\u00f6r\u00fc\u015fme Yap\u0131ld\u0131"},"content":{"rendered":"<p><img loading=\"lazy\" decoding=\"async\" class=\"alignnone size-medium wp-image-8190\" src=\"https:\/\/yerelsen.org.tr\/wp-content\/uploads\/2017\/11\/korgan-manset-620x413.jpg\" alt=\"\" width=\"620\" height=\"413\" srcset=\"https:\/\/yerelsen.org.tr\/wp-content\/uploads\/2017\/11\/korgan-manset-620x413.jpg 620w, https:\/\/yerelsen.org.tr\/wp-content\/uploads\/2017\/11\/korgan-manset-768x512.jpg 768w, https:\/\/yerelsen.org.tr\/wp-content\/uploads\/2017\/11\/korgan-manset-850x566.jpg 850w, https:\/\/yerelsen.org.tr\/wp-content\/uploads\/2017\/11\/korgan-manset.jpg 1250w\" sizes=\"auto, (max-width: 620px) 100vw, 620px\" \/><\/p>\n<p>\u00dcyelerimizden Korgan Belediyesi\u2019nin \u00f6n\u00fcm\u00fczdeki d\u00f6nemde ger\u00e7ekle\u015ftirece\u011fi toplu i\u015f s\u00f6zle\u015fmesi i\u00e7in ilk toplant\u0131 yap\u0131ld\u0131. Korgan Belediyesi\u2019ni temsilen Yerelsen taraf\u0131ndan ba\u015flat\u0131lan g\u00f6r\u00fc\u015fmelerin ilki 16 Kas\u0131m 2017 tarihinde ger\u00e7ekle\u015ftirildi.<\/p>\n<p>\u00c7e\u015fitli temaslar\u0131ndan ard\u0131ndan yap\u0131lan ilk toplant\u0131da Korgan Belediyesi\u2019ni Ba\u015fkan Yard\u0131mc\u0131s\u0131 Selahittin K\u0130RAZO\u011eLU, \u0130nsan Kaynaklar\u0131 M\u00fcd\u00fcr\u00fc Muhammet G\u00dcVEN, Mali Hizmetler M\u00fcd\u00fcr\u00fc Erol \u00d6ZCAN ve Yaz\u0131 \u0130\u015fleri M\u00fcd\u00fcr\u00fc Murat KARAKAYA temsil etti. \u0130\u015fveren vekili s\u0131fat\u0131yla toplant\u0131da yer alan Yerelsen\u2019i ise sendika uzmanlar\u0131ndan Hasan TENL\u0130K ve Murat ASLAN temsil ederken, i\u015f\u00e7i taraf\u0131n\u0131 ise Hizmet \u0130\u015f Ordu \u015eube Ba\u015fkan\u0131 Nevzat ACU, \u015eube Sekreteri G\u00fcner \u0130Y\u0130G\u00dcN ve Ba\u015f temsilci M\u00fcfit B\u00d6REK temsil etti.<\/p>\n<p>S\u00f6zle\u015fme g\u00f6r\u00fc\u015fmelerinden bir temenni konu\u015fmas\u0131 yapan Korgan Belediye Ba\u015fkan\u0131 Tuncay K\u0130RAZ, yeni d\u00f6nem i\u00e7in imzalanacak toplu\u00a0 i\u015f s\u00f6zle\u015fmesinin iki tarafa da hay\u0131rl\u0131 olmas\u0131n\u0131 temenni etti. \u201cBelediyenin imkanlar\u0131 i\u00e7erisinde g\u00fczel bir s\u00f6zle\u015fme d\u00f6nemi ge\u00e7irece\u011fimize inan\u0131yorum\u201d dedi.<\/p>\n<p>Korgan Belediyesi\u2019nin 40 i\u015f\u00e7isini kapsayan toplu i\u015f s\u00f6zle\u015fmesinin ilk toplant\u0131s\u0131nda Hizmet \u0130\u015f taraf\u0131ndan sunulan s\u00f6zle\u015fme tasla\u011f\u0131n\u0131n ilk 6 maddesi kabul edilirken 1 maddenin ise ertelenmesine karar verildi.<\/p>\n<p><img loading=\"lazy\" decoding=\"async\" class=\"alignnone size-thumbnail wp-image-8191\" src=\"https:\/\/yerelsen.org.tr\/wp-content\/uploads\/2017\/11\/korgan-2-140x140.jpg\" alt=\"\" width=\"140\" height=\"140\" \/><\/p>\n<p>&nbsp;<\/p>\n","protected":false},"excerpt":{"rendered":"\u00dcyelerimizden Korgan Belediyesi\u2019nin \u00f6n\u00fcm\u00fczdeki d\u00f6nemde ger\u00e7ekle\u015ftirece\u011fi toplu i\u015f s\u00f6zle\u015fmesi i\u00e7in ilk toplant\u0131 yap\u0131ld\u0131. Korgan Belediyesi\u2019ni temsilen Yerelsen taraf\u0131ndan ba\u015flat\u0131lan g\u00f6r\u00fc\u015fmelerin [&hellip;]","protected":false},"author":4,"featured_media":8190,"comment_status":"closed","ping_status":"closed","sticky":false,"template":"","format":"standard","meta":{"footnotes":""},"categories":[24],"tags":[],"class_list":["post-8189","post","type-post","status-publish","format-standard","has-post-thumbnail","hentry","category-sozlesmeler"],"_links":{"self":[{"href":"https:\/\/yerelsen.org.tr\/index.php\/wp-json\/wp\/v2\/posts\/8189","targetHints":{"allow":["GET"]}}],"collection":[{"href":"https:\/\/yerelsen.org.tr\/index.php\/wp-json\/wp\/v2\/posts"}],"about":[{"href":"https:\/\/yerelsen.org.tr\/index.php\/wp-json\/wp\/v2\/types\/post"}],"author":[{"embeddable":true,"href":"https:\/\/yerelsen.org.tr\/index.php\/wp-json\/wp\/v2\/users\/4"}],"replies":[{"embeddable":true,"href":"https:\/\/yerelsen.org.tr\/index.php\/wp-json\/wp\/v2\/comments?post=8189"}],"version-history":[{"count":1,"href":"https:\/\/yerelsen.org.tr\/index.php\/wp-json\/wp\/v2\/posts\/8189\/revisions"}],"predecessor-version":[{"id":8192,"href":"https:\/\/yerelsen.org.tr\/index.php\/wp-json\/wp\/v2\/posts\/8189\/revisions\/8192"}],"wp:featuredmedia":[{"embeddable":true,"href":"https:\/\/yerelsen.org.tr\/index.php\/wp-json\/wp\/v2\/media\/8190"}],"wp:attachment":[{"href":"https:\/\/yerelsen.org.tr\/index.php\/wp-json\/wp\/v2\/media?parent=8189"}],"wp:term":[{"taxonomy":"category","embeddable":true,"href":"https:\/\/yerelsen.org.tr\/index.php\/wp-json\/wp\/v2\/categories?post=8189"},{"taxonomy":"post_tag","embeddable":true,"href":"https:\/\/yerelsen.org.tr\/index.php\/wp-json\/wp\/v2\/tags?post=8189"}],"curies":[{"name":"wp","href":"https:\/\/api.w.org\/{rel}","templated":true}]}}