{"id":8265,"date":"2017-12-06T14:39:27","date_gmt":"2017-12-06T12:39:27","guid":{"rendered":"https:\/\/yerelsen.org.tr\/?p=8265"},"modified":"2017-12-06T14:39:44","modified_gmt":"2017-12-06T12:39:44","slug":"saruhanlida-toplu-is-sozlesmesi-gorusmeleri-basladi","status":"publish","type":"post","link":"https:\/\/yerelsen.org.tr\/index.php\/saruhanlida-toplu-is-sozlesmesi-gorusmeleri-basladi\/","title":{"rendered":"Saruhanl\u0131\u2019da Toplu \u0130\u015f S\u00f6zle\u015fmesi G\u00f6r\u00fc\u015fmeleri Ba\u015flad\u0131"},"content":{"rendered":"<p><a href=\"https:\/\/yerelsen.org.tr\/wp-content\/uploads\/2017\/12\/IMG_1284.jpg\"><img loading=\"lazy\" decoding=\"async\" class=\"aligncenter size-medium wp-image-8268\" src=\"https:\/\/yerelsen.org.tr\/wp-content\/uploads\/2017\/12\/IMG_1284-620x413.jpg\" alt=\"\" width=\"620\" height=\"413\" srcset=\"https:\/\/yerelsen.org.tr\/wp-content\/uploads\/2017\/12\/IMG_1284-620x413.jpg 620w, https:\/\/yerelsen.org.tr\/wp-content\/uploads\/2017\/12\/IMG_1284-768x512.jpg 768w, https:\/\/yerelsen.org.tr\/wp-content\/uploads\/2017\/12\/IMG_1284-850x567.jpg 850w, https:\/\/yerelsen.org.tr\/wp-content\/uploads\/2017\/12\/IMG_1284.jpg 1200w\" sizes=\"auto, (max-width: 620px) 100vw, 620px\" \/><\/a><\/p>\n<p>Sendikam\u0131z\u0131n \u00fcyelerinden Saruhanl\u0131 Belediyesi\u2019nde Toplu \u0130\u015f S\u00f6zle\u015fmesi i\u00e7in ilk g\u00f6r\u00fc\u015fmeler yap\u0131ld\u0131. Saruhanl\u0131 Belediyesi\u2019nde 14 Kas\u0131m 2017 tarihinde ger\u00e7ekle\u015ftirilen ilk toplant\u0131 ile 27 i\u015f\u00e7iyi ilgilendiren toplu i\u015f s\u00f6zle\u015fmeleri i\u00e7in ad\u0131m at\u0131lm\u0131\u015f oldu.<\/p>\n<p>Saruhanl\u0131 Belediye binas\u0131nda yap\u0131lan ilk g\u00f6r\u00fc\u015fmede, Saruhanl\u0131 Belediyesi\u2019ni \u0130nsan Kaynaklar\u0131 ve E\u011fitim M\u00fcd\u00fcr\u00fc Cemil HACI ve Mali Hizmetler M\u00fcd\u00fcr\u00fc Mehmet ERB\u0130L ger\u00e7ekle\u015ftirdi. \u0130\u015fveren vekili s\u0131fat\u0131 ile Yerelsen\u2019i toplant\u0131da Uzman Cavit TOKPINAR ve Yerelsen Dan\u0131\u015fman\u0131 Ertu\u011frul \u00d6ZCAN temsil ederken, i\u015f\u00e7i taraf\u0131n\u0131 ise Hizmet \u0130\u015f Manisa \u015eube Ba\u015fkan\u0131 Turan KARANF\u0130L, i\u015fyeri temsilcisi Hasan KOZLU temsil etti.<\/p>\n<p>Olumlu bir havada ger\u00e7ekle\u015fen ilk toplant\u0131da i\u015f\u00e7i sendikas\u0131 taraf\u0131ndan haz\u0131rlanan 69 maddelik tasla\u011f\u0131n 18 maddesi g\u00f6r\u00fc\u015f\u00fclerek kabul edildi.<\/p>\n\n\t\t<style type=\"text\/css\">\n\t\t\t#gallery-1 {\n\t\t\t\tmargin: auto;\n\t\t\t}\n\t\t\t#gallery-1 .gallery-item {\n\t\t\t\tfloat: left;\n\t\t\t\tmargin-top: 10px;\n\t\t\t\ttext-align: center;\n\t\t\t\twidth: 25%;\n\t\t\t}\n\t\t\t#gallery-1 img {\n\t\t\t\tborder: 2px solid #cfcfcf;\n\t\t\t}\n\t\t\t#gallery-1 .gallery-caption {\n\t\t\t\tmargin-left: 0;\n\t\t\t}\n\t\t\t\/* see gallery_shortcode() in wp-includes\/media.php *\/\n\t\t<\/style>\n\t\t<div id='gallery-1' class='gallery galleryid-8265 gallery-columns-4 gallery-size-thumbnail'><dl class='gallery-item'>\n\t\t\t<dt class='gallery-icon landscape'>\n\t\t\t\t<a href='https:\/\/yerelsen.org.tr\/wp-content\/uploads\/2017\/12\/IMG_1284.jpg'><img loading=\"lazy\" decoding=\"async\" width=\"140\" height=\"140\" src=\"https:\/\/yerelsen.org.tr\/wp-content\/uploads\/2017\/12\/IMG_1284-140x140.jpg\" class=\"attachment-thumbnail size-thumbnail\" alt=\"\" \/><\/a>\n\t\t\t<\/dt><\/dl><dl class='gallery-item'>\n\t\t\t<dt class='gallery-icon landscape'>\n\t\t\t\t<a href='https:\/\/yerelsen.org.tr\/wp-content\/uploads\/2017\/12\/IMG_1274.jpg'><img loading=\"lazy\" decoding=\"async\" width=\"140\" height=\"140\" src=\"https:\/\/yerelsen.org.tr\/wp-content\/uploads\/2017\/12\/IMG_1274-140x140.jpg\" class=\"attachment-thumbnail size-thumbnail\" alt=\"\" \/><\/a>\n\t\t\t<\/dt><\/dl><dl class='gallery-item'>\n\t\t\t<dt class='gallery-icon landscape'>\n\t\t\t\t<a href='https:\/\/yerelsen.org.tr\/wp-content\/uploads\/2017\/12\/IMG_1269.jpg'><img loading=\"lazy\" decoding=\"async\" width=\"140\" height=\"140\" src=\"https:\/\/yerelsen.org.tr\/wp-content\/uploads\/2017\/12\/IMG_1269-140x140.jpg\" class=\"attachment-thumbnail size-thumbnail\" alt=\"\" \/><\/a>\n\t\t\t<\/dt><\/dl>\n\t\t\t<br style='clear: both' \/>\n\t\t<\/div>\n\n<p>&nbsp;<\/p>\n","protected":false},"excerpt":{"rendered":"Sendikam\u0131z\u0131n \u00fcyelerinden Saruhanl\u0131 Belediyesi\u2019nde Toplu \u0130\u015f S\u00f6zle\u015fmesi i\u00e7in ilk g\u00f6r\u00fc\u015fmeler yap\u0131ld\u0131. Saruhanl\u0131 Belediyesi\u2019nde 14 Kas\u0131m 2017 tarihinde ger\u00e7ekle\u015ftirilen ilk toplant\u0131 [&hellip;]","protected":false},"author":3,"featured_media":8268,"comment_status":"closed","ping_status":"closed","sticky":false,"template":"","format":"standard","meta":{"footnotes":""},"categories":[24],"tags":[],"class_list":["post-8265","post","type-post","status-publish","format-standard","has-post-thumbnail","hentry","category-sozlesmeler"],"_links":{"self":[{"href":"https:\/\/yerelsen.org.tr\/index.php\/wp-json\/wp\/v2\/posts\/8265","targetHints":{"allow":["GET"]}}],"collection":[{"href":"https:\/\/yerelsen.org.tr\/index.php\/wp-json\/wp\/v2\/posts"}],"about":[{"href":"https:\/\/yerelsen.org.tr\/index.php\/wp-json\/wp\/v2\/types\/post"}],"author":[{"embeddable":true,"href":"https:\/\/yerelsen.org.tr\/index.php\/wp-json\/wp\/v2\/users\/3"}],"replies":[{"embeddable":true,"href":"https:\/\/yerelsen.org.tr\/index.php\/wp-json\/wp\/v2\/comments?post=8265"}],"version-history":[{"count":1,"href":"https:\/\/yerelsen.org.tr\/index.php\/wp-json\/wp\/v2\/posts\/8265\/revisions"}],"predecessor-version":[{"id":8269,"href":"https:\/\/yerelsen.org.tr\/index.php\/wp-json\/wp\/v2\/posts\/8265\/revisions\/8269"}],"wp:featuredmedia":[{"embeddable":true,"href":"https:\/\/yerelsen.org.tr\/index.php\/wp-json\/wp\/v2\/media\/8268"}],"wp:attachment":[{"href":"https:\/\/yerelsen.org.tr\/index.php\/wp-json\/wp\/v2\/media?parent=8265"}],"wp:term":[{"taxonomy":"category","embeddable":true,"href":"https:\/\/yerelsen.org.tr\/index.php\/wp-json\/wp\/v2\/categories?post=8265"},{"taxonomy":"post_tag","embeddable":true,"href":"https:\/\/yerelsen.org.tr\/index.php\/wp-json\/wp\/v2\/tags?post=8265"}],"curies":[{"name":"wp","href":"https:\/\/api.w.org\/{rel}","templated":true}]}}