{"id":8270,"date":"2017-12-06T14:43:35","date_gmt":"2017-12-06T12:43:35","guid":{"rendered":"https:\/\/yerelsen.org.tr\/?p=8270"},"modified":"2017-12-06T14:43:35","modified_gmt":"2017-12-06T12:43:35","slug":"bozuyuk-belediyesinde-tis-heyecani-basladi","status":"publish","type":"post","link":"https:\/\/yerelsen.org.tr\/index.php\/bozuyuk-belediyesinde-tis-heyecani-basladi\/","title":{"rendered":"Boz\u00fcy\u00fck Belediyesi\u2019nde T\u0130S Heyecan\u0131 Ba\u015flad\u0131"},"content":{"rendered":"<p><a href=\"https:\/\/yerelsen.org.tr\/wp-content\/uploads\/2017\/12\/DSC_9511.jpg\"><img loading=\"lazy\" decoding=\"async\" class=\"aligncenter size-medium wp-image-8273\" src=\"https:\/\/yerelsen.org.tr\/wp-content\/uploads\/2017\/12\/DSC_9511-620x412.jpg\" alt=\"\" width=\"620\" height=\"412\" srcset=\"https:\/\/yerelsen.org.tr\/wp-content\/uploads\/2017\/12\/DSC_9511-620x412.jpg 620w, https:\/\/yerelsen.org.tr\/wp-content\/uploads\/2017\/12\/DSC_9511-768x510.jpg 768w, https:\/\/yerelsen.org.tr\/wp-content\/uploads\/2017\/12\/DSC_9511-850x565.jpg 850w, https:\/\/yerelsen.org.tr\/wp-content\/uploads\/2017\/12\/DSC_9511-220x145.jpg 220w, https:\/\/yerelsen.org.tr\/wp-content\/uploads\/2017\/12\/DSC_9511.jpg 1200w\" sizes=\"auto, (max-width: 620px) 100vw, 620px\" \/><\/a><\/p>\n<p>Yerelsen\u2019in \u00fcyelerinden Bozuy\u00fck Belediyesi\u2019nde yeni d\u00f6nem i\u00e7in toplu i\u015f s\u00f6zle\u015fmesi heyecan\u0131 ba\u015flad\u0131. Yerelsen\u2019in i\u015fveren vekili olarak dahil oldu\u011fu s\u00f6zle\u015fme g\u00f6r\u00fc\u015fmelerinin ilk toplant\u0131s\u0131 15 Kas\u0131m 2017 tarihinde Boz\u00fcy\u00fck Belediyesi\u2019nde yap\u0131ld\u0131.<\/p>\n<p>Yerelsen\u2019in \u00e7e\u015fitli temaslar\u0131n\u0131n ard\u0131ndan yap\u0131lan toplant\u0131da, Boz\u00fcy\u00fck Belediyesi\u2019ni Belediye Ba\u015fkan Yard\u0131mc\u0131lar\u0131 Mustafa Y\u00dcR\u00dcKC\u00dc ve Nazmi KURU ile \u0130nsan Kaynaklar\u0131 ve E\u011fitim M\u00fcd\u00fcr\u00fc Naci TURA temsil etti. Yerelsen\u2019in toplant\u0131ya Yerelsen Uzman\u0131 Cavit TOKPINAR ve Dan\u0131\u015fman Ertu\u011frul \u00d6ZCAN ile i\u015ftirak ederken, i\u015f\u00e7i taraf\u0131n\u0131 ise Belediye \u0130\u015f \u015eube Ba\u015fkan Yard\u0131mc\u0131s\u0131 Kemal AZAK, \u015eube Mali Sekreteri Adnan YILDIZ, \u015eube Y\u00f6netim Kurulu \u00dcyeleri Ahmet MOR\u0130PEK ve Alir\u0131za YILMAZ ile Ba\u015f Temsilci Ersel P\u0130\u015eK\u0130NEL temsil etti.<\/p>\n<p>Toplamda 90 i\u015f\u00e7iyi ilgilendiren Toplu \u0130\u015f S\u00f6zle\u015fmesi g\u00f6r\u00fc\u015fmelerinin ilk toplant\u0131s\u0131 olumlu bir havada ge\u00e7ti. Toplant\u0131da i\u015f\u00e7i sendikas\u0131 taraf\u0131ndan haz\u0131rlanan 45 maddelik tasla\u011f\u0131n ilk 18 maddesi kabul edilirken, 2 maddenin ise ertelenmesine karar verildi.<\/p>\n\n\t\t<style type=\"text\/css\">\n\t\t\t#gallery-1 {\n\t\t\t\tmargin: auto;\n\t\t\t}\n\t\t\t#gallery-1 .gallery-item {\n\t\t\t\tfloat: left;\n\t\t\t\tmargin-top: 10px;\n\t\t\t\ttext-align: center;\n\t\t\t\twidth: 25%;\n\t\t\t}\n\t\t\t#gallery-1 img {\n\t\t\t\tborder: 2px solid #cfcfcf;\n\t\t\t}\n\t\t\t#gallery-1 .gallery-caption {\n\t\t\t\tmargin-left: 0;\n\t\t\t}\n\t\t\t\/* see gallery_shortcode() in wp-includes\/media.php *\/\n\t\t<\/style>\n\t\t<div id='gallery-1' class='gallery galleryid-8270 gallery-columns-4 gallery-size-thumbnail'><dl class='gallery-item'>\n\t\t\t<dt class='gallery-icon landscape'>\n\t\t\t\t<a href='https:\/\/yerelsen.org.tr\/wp-content\/uploads\/2017\/12\/DSC_9520.jpg'><img loading=\"lazy\" decoding=\"async\" width=\"140\" height=\"140\" src=\"https:\/\/yerelsen.org.tr\/wp-content\/uploads\/2017\/12\/DSC_9520-140x140.jpg\" class=\"attachment-thumbnail size-thumbnail\" alt=\"\" \/><\/a>\n\t\t\t<\/dt><\/dl><dl class='gallery-item'>\n\t\t\t<dt class='gallery-icon landscape'>\n\t\t\t\t<a href='https:\/\/yerelsen.org.tr\/wp-content\/uploads\/2017\/12\/DSC_9511.jpg'><img loading=\"lazy\" decoding=\"async\" width=\"140\" height=\"140\" src=\"https:\/\/yerelsen.org.tr\/wp-content\/uploads\/2017\/12\/DSC_9511-140x140.jpg\" class=\"attachment-thumbnail size-thumbnail\" alt=\"\" \/><\/a>\n\t\t\t<\/dt><\/dl><dl class='gallery-item'>\n\t\t\t<dt class='gallery-icon landscape'>\n\t\t\t\t<a href='https:\/\/yerelsen.org.tr\/wp-content\/uploads\/2017\/12\/DSC_9502.jpg'><img loading=\"lazy\" decoding=\"async\" width=\"140\" height=\"140\" src=\"https:\/\/yerelsen.org.tr\/wp-content\/uploads\/2017\/12\/DSC_9502-140x140.jpg\" class=\"attachment-thumbnail size-thumbnail\" alt=\"\" \/><\/a>\n\t\t\t<\/dt><\/dl><dl class='gallery-item'>\n\t\t\t<dt class='gallery-icon landscape'>\n\t\t\t\t<a href='https:\/\/yerelsen.org.tr\/wp-content\/uploads\/2017\/12\/DSC_9501.jpg'><img loading=\"lazy\" decoding=\"async\" width=\"140\" height=\"140\" src=\"https:\/\/yerelsen.org.tr\/wp-content\/uploads\/2017\/12\/DSC_9501-140x140.jpg\" class=\"attachment-thumbnail size-thumbnail\" alt=\"\" \/><\/a>\n\t\t\t<\/dt><\/dl><br style=\"clear: both\" \/>\n\t\t<\/div>\n\n<p>&nbsp;<\/p>\n","protected":false},"excerpt":{"rendered":"Yerelsen\u2019in \u00fcyelerinden Bozuy\u00fck Belediyesi\u2019nde yeni d\u00f6nem i\u00e7in toplu i\u015f s\u00f6zle\u015fmesi heyecan\u0131 ba\u015flad\u0131. Yerelsen\u2019in i\u015fveren vekili olarak dahil oldu\u011fu s\u00f6zle\u015fme g\u00f6r\u00fc\u015fmelerinin [&hellip;]","protected":false},"author":3,"featured_media":8273,"comment_status":"closed","ping_status":"closed","sticky":false,"template":"","format":"standard","meta":{"footnotes":""},"categories":[24],"tags":[],"class_list":["post-8270","post","type-post","status-publish","format-standard","has-post-thumbnail","hentry","category-sozlesmeler"],"_links":{"self":[{"href":"https:\/\/yerelsen.org.tr\/index.php\/wp-json\/wp\/v2\/posts\/8270","targetHints":{"allow":["GET"]}}],"collection":[{"href":"https:\/\/yerelsen.org.tr\/index.php\/wp-json\/wp\/v2\/posts"}],"about":[{"href":"https:\/\/yerelsen.org.tr\/index.php\/wp-json\/wp\/v2\/types\/post"}],"author":[{"embeddable":true,"href":"https:\/\/yerelsen.org.tr\/index.php\/wp-json\/wp\/v2\/users\/3"}],"replies":[{"embeddable":true,"href":"https:\/\/yerelsen.org.tr\/index.php\/wp-json\/wp\/v2\/comments?post=8270"}],"version-history":[{"count":1,"href":"https:\/\/yerelsen.org.tr\/index.php\/wp-json\/wp\/v2\/posts\/8270\/revisions"}],"predecessor-version":[{"id":8275,"href":"https:\/\/yerelsen.org.tr\/index.php\/wp-json\/wp\/v2\/posts\/8270\/revisions\/8275"}],"wp:featuredmedia":[{"embeddable":true,"href":"https:\/\/yerelsen.org.tr\/index.php\/wp-json\/wp\/v2\/media\/8273"}],"wp:attachment":[{"href":"https:\/\/yerelsen.org.tr\/index.php\/wp-json\/wp\/v2\/media?parent=8270"}],"wp:term":[{"taxonomy":"category","embeddable":true,"href":"https:\/\/yerelsen.org.tr\/index.php\/wp-json\/wp\/v2\/categories?post=8270"},{"taxonomy":"post_tag","embeddable":true,"href":"https:\/\/yerelsen.org.tr\/index.php\/wp-json\/wp\/v2\/tags?post=8270"}],"curies":[{"name":"wp","href":"https:\/\/api.w.org\/{rel}","templated":true}]}}