{"id":8276,"date":"2017-12-06T14:48:59","date_gmt":"2017-12-06T12:48:59","guid":{"rendered":"https:\/\/yerelsen.org.tr\/?p=8276"},"modified":"2017-12-06T14:48:59","modified_gmt":"2017-12-06T12:48:59","slug":"gebze-belediyesinde-tis-heyecani","status":"publish","type":"post","link":"https:\/\/yerelsen.org.tr\/index.php\/gebze-belediyesinde-tis-heyecani\/","title":{"rendered":"Gebze Belediyesi\u2019nde T\u0130S Heyecan\u0131"},"content":{"rendered":"<p><a href=\"https:\/\/yerelsen.org.tr\/wp-content\/uploads\/2017\/12\/2017-11-28-09-50-42.jpg\"><img loading=\"lazy\" decoding=\"async\" class=\"aligncenter size-medium wp-image-8278\" src=\"https:\/\/yerelsen.org.tr\/wp-content\/uploads\/2017\/12\/2017-11-28-09-50-42-620x413.jpg\" alt=\"\" width=\"620\" height=\"413\" srcset=\"https:\/\/yerelsen.org.tr\/wp-content\/uploads\/2017\/12\/2017-11-28-09-50-42-620x413.jpg 620w, https:\/\/yerelsen.org.tr\/wp-content\/uploads\/2017\/12\/2017-11-28-09-50-42-768x512.jpg 768w, https:\/\/yerelsen.org.tr\/wp-content\/uploads\/2017\/12\/2017-11-28-09-50-42-850x567.jpg 850w, https:\/\/yerelsen.org.tr\/wp-content\/uploads\/2017\/12\/2017-11-28-09-50-42.jpg 1200w\" sizes=\"auto, (max-width: 620px) 100vw, 620px\" \/><\/a><\/p>\n<p>Yerelsen\u2019in \u00fcyelerinden Gebze Belediyesi\u2019nde Toplu \u0130\u015f S\u00f6zle\u015fmesi g\u00f6r\u00fc\u015fmeleri ba\u015flad\u0131. 28 Kas\u0131m 2017 tarihinde Gebze\u2019de d\u00fczenlenen ilk toplant\u0131 ile birlikte s\u00f6zle\u015fme g\u00f6r\u00fc\u015fmelerine ge\u00e7ildi.<\/p>\n<p>Yerelsen\u2019in Gebze Belediyesi\u2019ndeki temaslar\u0131n\u0131n ard\u0131ndan yap\u0131lan toplant\u0131da Gebze Belediyesi\u2019ni Belediye Ba\u015fkan\u0131 Adnan K\u00d6\u015eKER, Ba\u015fkan Yard\u0131mc\u0131s\u0131 Sad\u0131k ALBAYRAK, \u0130nsan Kaynaklar\u0131 ve E\u011fitim M\u00fcd\u00fcr\u00fc Ramazan KILIN\u00c7 ve Mali Hizmetler M\u00fcd\u00fcr\u00fc Bilgin ALTAY temsil etti. G\u00f6r\u00fc\u015fmede i\u015fveren vekili s\u0131fat\u0131 ile yer alan Yerelsen\u2019i ise, Yerelsen Genel Sekreteri Av. M\u00fcmtaz UZUN, sendika uzmanlar\u0131ndan Hasan TENL\u0130K ve Murat ASLAN temsil ederken, i\u015f\u00e7i taraf\u0131n\u0131 ise Hizmet \u0130\u015f Kocaeli \u015eube Ba\u015fkan\u0131 \u0130dris ERSOY, Hizmet \u0130\u015f Mali Sekreteri \u0130brahim \u00c7INAR, Temsilci Tekin YAVUZ, Mehmet AVCI, \u00d6zcan TAT ve K\u00fclt\u00fcr Sanat Komite Ba\u015fkan\u0131 Dr. Kadir ULUTA\u015e temsil etti.<\/p>\n<p>S\u00f6zle\u015fme g\u00f6r\u00fc\u015fmelerinden \u00f6nce temenni konu\u015fmas\u0131 yapan Gebze Belediye Ba\u015fkan\u0131 Adnan K\u00d6\u015eKER\u00a0 yeni d\u00f6nem i\u00e7in imzalanacak toplu\u00a0 i\u015f s\u00f6zle\u015fmesinin iki tarafa da hay\u0131rl\u0131 olmas\u0131n\u0131 diledi. \u00dclkemizin zor bir zaman diliminden ge\u00e7ti\u011fini belirten K\u00d6\u015eKER, iki taraf\u0131nda ellerini ta\u015f\u0131n alt\u0131na sokmas\u0131 gerekti\u011fini belirtti. S\u00f6zle\u015fmenin belediyenin imkanlar\u0131 do\u011frultusunda en iyi \u015fekilde bitece\u011fini umdu\u011funu s\u00f6yledi.<\/p>\n<p>Gebze Belediyesi\u2019nin 220 i\u015f\u00e7isini kapsayan Toplu \u0130\u015f S\u00f6zle\u015fmesi\u2019nin ilk g\u00f6r\u00fc\u015fmesinde i\u015f\u00e7i sendikas\u0131n\u0131n haz\u0131rlad\u0131\u011f\u0131 70 maddelik tasla\u011f\u0131n ilk 6 maddesi kabul edilirken 1 maddenin ise ertelenmesine karar verildi.<\/p>\n\n\t\t<style type=\"text\/css\">\n\t\t\t#gallery-1 {\n\t\t\t\tmargin: auto;\n\t\t\t}\n\t\t\t#gallery-1 .gallery-item {\n\t\t\t\tfloat: left;\n\t\t\t\tmargin-top: 10px;\n\t\t\t\ttext-align: center;\n\t\t\t\twidth: 20%;\n\t\t\t}\n\t\t\t#gallery-1 img {\n\t\t\t\tborder: 2px solid #cfcfcf;\n\t\t\t}\n\t\t\t#gallery-1 .gallery-caption {\n\t\t\t\tmargin-left: 0;\n\t\t\t}\n\t\t\t\/* see gallery_shortcode() in wp-includes\/media.php *\/\n\t\t<\/style>\n\t\t<div id='gallery-1' class='gallery galleryid-8276 gallery-columns-5 gallery-size-thumbnail'><dl class='gallery-item'>\n\t\t\t<dt class='gallery-icon landscape'>\n\t\t\t\t<a href='https:\/\/yerelsen.org.tr\/wp-content\/uploads\/2017\/12\/2017-11-28-09-52-18.jpg'><img loading=\"lazy\" decoding=\"async\" width=\"140\" height=\"140\" src=\"https:\/\/yerelsen.org.tr\/wp-content\/uploads\/2017\/12\/2017-11-28-09-52-18-140x140.jpg\" class=\"attachment-thumbnail size-thumbnail\" alt=\"\" \/><\/a>\n\t\t\t<\/dt><\/dl><dl class='gallery-item'>\n\t\t\t<dt class='gallery-icon landscape'>\n\t\t\t\t<a href='https:\/\/yerelsen.org.tr\/wp-content\/uploads\/2017\/12\/2017-11-28-09-49-37.jpg'><img loading=\"lazy\" decoding=\"async\" width=\"140\" height=\"140\" src=\"https:\/\/yerelsen.org.tr\/wp-content\/uploads\/2017\/12\/2017-11-28-09-49-37-140x140.jpg\" class=\"attachment-thumbnail size-thumbnail\" alt=\"\" \/><\/a>\n\t\t\t<\/dt><\/dl><dl class='gallery-item'>\n\t\t\t<dt class='gallery-icon landscape'>\n\t\t\t\t<a href='https:\/\/yerelsen.org.tr\/wp-content\/uploads\/2017\/12\/2017-11-28-09-49-49.jpg'><img loading=\"lazy\" decoding=\"async\" width=\"140\" height=\"140\" src=\"https:\/\/yerelsen.org.tr\/wp-content\/uploads\/2017\/12\/2017-11-28-09-49-49-140x140.jpg\" class=\"attachment-thumbnail size-thumbnail\" alt=\"\" \/><\/a>\n\t\t\t<\/dt><\/dl><dl class='gallery-item'>\n\t\t\t<dt class='gallery-icon landscape'>\n\t\t\t\t<a href='https:\/\/yerelsen.org.tr\/wp-content\/uploads\/2017\/12\/2017-11-28-09-50-42.jpg'><img loading=\"lazy\" decoding=\"async\" width=\"140\" height=\"140\" src=\"https:\/\/yerelsen.org.tr\/wp-content\/uploads\/2017\/12\/2017-11-28-09-50-42-140x140.jpg\" class=\"attachment-thumbnail size-thumbnail\" alt=\"\" \/><\/a>\n\t\t\t<\/dt><\/dl><dl class='gallery-item'>\n\t\t\t<dt class='gallery-icon landscape'>\n\t\t\t\t<a href='https:\/\/yerelsen.org.tr\/wp-content\/uploads\/2017\/12\/2017-11-28-09-50-43.jpg'><img loading=\"lazy\" decoding=\"async\" width=\"140\" height=\"140\" src=\"https:\/\/yerelsen.org.tr\/wp-content\/uploads\/2017\/12\/2017-11-28-09-50-43-140x140.jpg\" class=\"attachment-thumbnail size-thumbnail\" alt=\"\" \/><\/a>\n\t\t\t<\/dt><\/dl><br style=\"clear: both\" \/>\n\t\t<\/div>\n\n","protected":false},"excerpt":{"rendered":"Yerelsen\u2019in \u00fcyelerinden Gebze Belediyesi\u2019nde Toplu \u0130\u015f S\u00f6zle\u015fmesi g\u00f6r\u00fc\u015fmeleri ba\u015flad\u0131. 28 Kas\u0131m 2017 tarihinde Gebze\u2019de d\u00fczenlenen ilk toplant\u0131 ile birlikte s\u00f6zle\u015fme [&hellip;]","protected":false},"author":3,"featured_media":8278,"comment_status":"closed","ping_status":"closed","sticky":false,"template":"","format":"standard","meta":{"footnotes":""},"categories":[24],"tags":[],"class_list":["post-8276","post","type-post","status-publish","format-standard","has-post-thumbnail","hentry","category-sozlesmeler"],"_links":{"self":[{"href":"https:\/\/yerelsen.org.tr\/index.php\/wp-json\/wp\/v2\/posts\/8276","targetHints":{"allow":["GET"]}}],"collection":[{"href":"https:\/\/yerelsen.org.tr\/index.php\/wp-json\/wp\/v2\/posts"}],"about":[{"href":"https:\/\/yerelsen.org.tr\/index.php\/wp-json\/wp\/v2\/types\/post"}],"author":[{"embeddable":true,"href":"https:\/\/yerelsen.org.tr\/index.php\/wp-json\/wp\/v2\/users\/3"}],"replies":[{"embeddable":true,"href":"https:\/\/yerelsen.org.tr\/index.php\/wp-json\/wp\/v2\/comments?post=8276"}],"version-history":[{"count":1,"href":"https:\/\/yerelsen.org.tr\/index.php\/wp-json\/wp\/v2\/posts\/8276\/revisions"}],"predecessor-version":[{"id":8282,"href":"https:\/\/yerelsen.org.tr\/index.php\/wp-json\/wp\/v2\/posts\/8276\/revisions\/8282"}],"wp:featuredmedia":[{"embeddable":true,"href":"https:\/\/yerelsen.org.tr\/index.php\/wp-json\/wp\/v2\/media\/8278"}],"wp:attachment":[{"href":"https:\/\/yerelsen.org.tr\/index.php\/wp-json\/wp\/v2\/media?parent=8276"}],"wp:term":[{"taxonomy":"category","embeddable":true,"href":"https:\/\/yerelsen.org.tr\/index.php\/wp-json\/wp\/v2\/categories?post=8276"},{"taxonomy":"post_tag","embeddable":true,"href":"https:\/\/yerelsen.org.tr\/index.php\/wp-json\/wp\/v2\/tags?post=8276"}],"curies":[{"name":"wp","href":"https:\/\/api.w.org\/{rel}","templated":true}]}}