{"id":8284,"date":"2017-12-12T17:54:30","date_gmt":"2017-12-12T15:54:30","guid":{"rendered":"https:\/\/yerelsen.org.tr\/?p=8284"},"modified":"2017-12-12T17:55:23","modified_gmt":"2017-12-12T15:55:23","slug":"belpas-toplu-is-sozlesmesinin-ilk-toplantisini-gerceklestirdi","status":"publish","type":"post","link":"https:\/\/yerelsen.org.tr\/index.php\/belpas-toplu-is-sozlesmesinin-ilk-toplantisini-gerceklestirdi\/","title":{"rendered":"Belpa\u015f Toplu S\u00f6zle\u015fme \u0130lk Toplant\u0131s\u0131 Ger\u00e7ekle\u015ftirildi"},"content":{"rendered":"<p><img loading=\"lazy\" decoding=\"async\" class=\"alignnone size-medium wp-image-8285\" src=\"https:\/\/yerelsen.org.tr\/wp-content\/uploads\/2017\/12\/23318994_1939837259598728_2674411144818498144_n-620x483.jpg\" alt=\"\" width=\"620\" height=\"483\" srcset=\"https:\/\/yerelsen.org.tr\/wp-content\/uploads\/2017\/12\/23318994_1939837259598728_2674411144818498144_n-620x483.jpg 620w, https:\/\/yerelsen.org.tr\/wp-content\/uploads\/2017\/12\/23318994_1939837259598728_2674411144818498144_n.jpg 672w\" sizes=\"auto, (max-width: 620px) 100vw, 620px\" \/><\/p>\n<p>Yerelsen\u2019in \u00fcye kurulu\u015flar\u0131ndan Belpa\u015f\u2019\u0131n 118 i\u015f\u00e7isini ilgilendiren toplu i\u015f s\u00f6zle\u015fmesi i\u00e7in g\u00f6r\u00fc\u015fmeler olumlu bir havada ba\u015flad\u0131. Belpa\u015f Hizmet Binas\u0131\u2019nda 8 Kas\u0131m 2017 tarihinde ger\u00e7ekle\u015ftirilen toplant\u0131ya i\u015fveren vekili s\u0131fat\u0131 ile Yerelsen ve i\u015f\u00e7i sendikas\u0131 olarak Hizmet \u0130\u015f kat\u0131ld\u0131.<\/p>\n<p>Toplu i\u015f s\u00f6zle\u015fmesinin ilk toplant\u0131s\u0131nda Belpa\u015f\u2019\u0131 Genel M\u00fcd\u00fcr Yard\u0131mc\u0131s\u0131 Fatih CENG\u0130Z temsil ederken, Yerelsen\u2019i ise Genel Sekreter Yard\u0131mc\u0131s\u0131 Yahya B\u0130LG\u0130N ve Sendika Uzman\u0131 \u0130brahim Halil \u00c7EL\u0130K temsil etti. Toplant\u0131da i\u015f\u00e7i taraf\u0131n\u0131 ise Sakarya Hizmet i\u015f \u015fube ba\u015fkan\u0131 Mehmet Mesut G\u00d6KDEM\u0130R, Hizmet i\u015f mali sekreteri Ertu\u011frul \u00c7AKMAK, Sakarya \u015fube personeli Ertu\u011frul AKTA\u015e, Ba\u015f temsilci Mustafa \u0130smail YILMAZ ve \u0130\u015fyeri temsilcisi \u0130brahim Ethem ULUN\u00c7 temsil etti.<\/p>\n<p>Temenni konu\u015fmalar\u0131 ile ba\u015flayan toplant\u0131da Belpa\u015f Genel M\u00fcd\u00fcr Yard\u0131mc\u0131s\u0131 Fatih CENG\u0130Z Toplu S\u00f6zle\u015fmenin Hay\u0131rlara vesile olmas\u0131n\u0131 diledi\u011fini aktard\u0131. S\u00f6zle\u015fmenin masada bitmesini arzu ettiklerini ve Belpa\u015f A.\u015e i\u015f\u00e7ilerinin hak ettikleri maa\u015flar\u0131 vermek i\u00e7in gayret sarf edecekleri vurgusunu yapt\u0131.<\/p>\n<p>Konu\u015fmalar\u0131n ard\u0131ndan 118 i\u015f\u00e7iyi ilgilendiren toplu i\u015f s\u00f6zle\u015fmesi g\u00f6r\u00fc\u015fmelerine ge\u00e7ildi. Toplant\u0131da i\u015f\u00e7i sendikas\u0131 taraf\u0131ndan haz\u0131rlanan 77 maddelik taslak g\u00f6r\u00fc\u015f\u00fcl\u00fcrken, 44 maddesi kabul edildi.<\/p>\n<p><strong>\u00a0<\/strong><\/p>\n","protected":false},"excerpt":{"rendered":"Yerelsen\u2019in \u00fcye kurulu\u015flar\u0131ndan Belpa\u015f\u2019\u0131n 118 i\u015f\u00e7isini ilgilendiren toplu i\u015f s\u00f6zle\u015fmesi i\u00e7in g\u00f6r\u00fc\u015fmeler olumlu bir havada ba\u015flad\u0131. Belpa\u015f Hizmet Binas\u0131\u2019nda 8 [&hellip;]","protected":false},"author":4,"featured_media":8285,"comment_status":"closed","ping_status":"closed","sticky":false,"template":"","format":"standard","meta":{"footnotes":""},"categories":[24],"tags":[],"class_list":["post-8284","post","type-post","status-publish","format-standard","has-post-thumbnail","hentry","category-sozlesmeler"],"_links":{"self":[{"href":"https:\/\/yerelsen.org.tr\/index.php\/wp-json\/wp\/v2\/posts\/8284","targetHints":{"allow":["GET"]}}],"collection":[{"href":"https:\/\/yerelsen.org.tr\/index.php\/wp-json\/wp\/v2\/posts"}],"about":[{"href":"https:\/\/yerelsen.org.tr\/index.php\/wp-json\/wp\/v2\/types\/post"}],"author":[{"embeddable":true,"href":"https:\/\/yerelsen.org.tr\/index.php\/wp-json\/wp\/v2\/users\/4"}],"replies":[{"embeddable":true,"href":"https:\/\/yerelsen.org.tr\/index.php\/wp-json\/wp\/v2\/comments?post=8284"}],"version-history":[{"count":2,"href":"https:\/\/yerelsen.org.tr\/index.php\/wp-json\/wp\/v2\/posts\/8284\/revisions"}],"predecessor-version":[{"id":8287,"href":"https:\/\/yerelsen.org.tr\/index.php\/wp-json\/wp\/v2\/posts\/8284\/revisions\/8287"}],"wp:featuredmedia":[{"embeddable":true,"href":"https:\/\/yerelsen.org.tr\/index.php\/wp-json\/wp\/v2\/media\/8285"}],"wp:attachment":[{"href":"https:\/\/yerelsen.org.tr\/index.php\/wp-json\/wp\/v2\/media?parent=8284"}],"wp:term":[{"taxonomy":"category","embeddable":true,"href":"https:\/\/yerelsen.org.tr\/index.php\/wp-json\/wp\/v2\/categories?post=8284"},{"taxonomy":"post_tag","embeddable":true,"href":"https:\/\/yerelsen.org.tr\/index.php\/wp-json\/wp\/v2\/tags?post=8284"}],"curies":[{"name":"wp","href":"https:\/\/api.w.org\/{rel}","templated":true}]}}