{"id":8288,"date":"2017-12-12T17:57:14","date_gmt":"2017-12-12T15:57:14","guid":{"rendered":"https:\/\/yerelsen.org.tr\/?p=8288"},"modified":"2017-12-12T17:57:25","modified_gmt":"2017-12-12T15:57:25","slug":"esmede-toplu-is-sozlesmesi-imzalandi","status":"publish","type":"post","link":"https:\/\/yerelsen.org.tr\/index.php\/esmede-toplu-is-sozlesmesi-imzalandi\/","title":{"rendered":"E\u015fme&#8217;de Toplu \u0130\u015f S\u00f6zle\u015fmesi \u0130mzaland\u0131"},"content":{"rendered":"<p><img loading=\"lazy\" decoding=\"async\" class=\"alignnone size-medium wp-image-8289\" src=\"https:\/\/yerelsen.org.tr\/wp-content\/uploads\/2017\/12\/23472831_1942269189355535_4035163833298400829_n-620x413.jpg\" alt=\"\" width=\"620\" height=\"413\" srcset=\"https:\/\/yerelsen.org.tr\/wp-content\/uploads\/2017\/12\/23472831_1942269189355535_4035163833298400829_n-620x413.jpg 620w, https:\/\/yerelsen.org.tr\/wp-content\/uploads\/2017\/12\/23472831_1942269189355535_4035163833298400829_n-768x512.jpg 768w, https:\/\/yerelsen.org.tr\/wp-content\/uploads\/2017\/12\/23472831_1942269189355535_4035163833298400829_n-850x567.jpg 850w, https:\/\/yerelsen.org.tr\/wp-content\/uploads\/2017\/12\/23472831_1942269189355535_4035163833298400829_n.jpg 960w\" sizes=\"auto, (max-width: 620px) 100vw, 620px\" \/><\/p>\n<p>Yerelsen\u2019in \u00fcyelerinden E\u015fme Belediyesi\u2019nde 24 i\u015f\u00e7iyi ilgilendirecek olan toplu i\u015f s\u00f6zle\u015fmeleri i\u00e7in g\u00f6r\u00fc\u015fmeler ba\u015flad\u0131. 14 Kas\u0131m 2017 tarihinde E\u015fme Belediyesi hizmet binas\u0131nda ger\u00e7ekle\u015fen g\u00f6r\u00fc\u015fme olduk\u00e7a olumlu bir atmosferde ge\u00e7ti.<\/p>\n<p>Yerelsen\u2019in i\u015fveren vekili s\u0131fat\u0131 ile dahil oldu\u011fu toplant\u0131da E\u015fme Belediyesi\u2019ni Belediye Ba\u015fkan\u0131 Hac\u0131 Mustafa \u00c7ET\u0130N, Belediye Ba\u015fkan Yard\u0131mc\u0131s\u0131 Melih \u00d6ZT\u00dcRK, Mali Hizmetler M\u00fcd\u00fcr V. Ali EKER taraf\u0131ndan temsil edildi. Yerelsen\u2019in Genel Sekreter Yard\u0131mc\u0131s\u0131 Yahya B\u0130LG\u0130N ve Sendika Uzman\u0131 \u0130brahim Halil \u00c7EL\u0130K taraf\u0131ndan temsil edildi\u011fi toplant\u0131da, i\u015f\u00e7i sendikas\u0131n\u0131 temsilen U\u015fak Hizmet i\u015f \u015fube ba\u015fkan\u0131 Recep SORKUN , \u0130\u015fyeri temsilcisi Mustafa ZORPUZAN , \u00dcye AL\u0130 Serdar KALAK g\u00f6r\u00fc\u015fmelere kat\u0131ld\u0131.<\/p>\n<p>G\u00f6r\u00fc\u015fmelerin ba\u015flang\u0131c\u0131nda konu\u015fma yapan E\u015fme Belediye Ba\u015fkan\u0131 Hac\u0131 Mustafa \u00c7ET\u0130N, Toplu S\u00f6zle\u015fmenin hay\u0131rlara vesile olmas\u0131n\u0131 temenni etti. S\u00f6zle\u015fmenin masada bitmesini arzu ettiklerini ve E\u015fme Belediyesi\u00a0 i\u015f\u00e7ilerinin hak ettikleri maa\u015flar\u0131 vermek i\u00e7in gayret sarf edecekleri vurgusunu yapt\u0131.<\/p>\n<p>E\u015fme Belediyesi\u2019nin 24 i\u015f\u00e7isini ilgilendiren toplu i\u015f s\u00f6zle\u015fmesi g\u00f6r\u00fc\u015fmesinde i\u015f\u00e7i sendikas\u0131n\u0131n sundu\u011fu taslak g\u00f6r\u00fc\u015f\u00fclerek kabul edilmi\u015f ve toplu i\u015f s\u00f6zle\u015fmesi imzalanm\u0131\u015ft\u0131r.<\/p>\n<p><img loading=\"lazy\" decoding=\"async\" class=\"alignnone wp-image-8290\" src=\"https:\/\/yerelsen.org.tr\/wp-content\/uploads\/2017\/12\/23621196_1942269229355531_3754617796599741581_n-620x413.jpg\" alt=\"\" width=\"206\" height=\"137\" srcset=\"https:\/\/yerelsen.org.tr\/wp-content\/uploads\/2017\/12\/23621196_1942269229355531_3754617796599741581_n-620x413.jpg 620w, https:\/\/yerelsen.org.tr\/wp-content\/uploads\/2017\/12\/23621196_1942269229355531_3754617796599741581_n-768x512.jpg 768w, https:\/\/yerelsen.org.tr\/wp-content\/uploads\/2017\/12\/23621196_1942269229355531_3754617796599741581_n-850x567.jpg 850w, https:\/\/yerelsen.org.tr\/wp-content\/uploads\/2017\/12\/23621196_1942269229355531_3754617796599741581_n-220x145.jpg 220w, https:\/\/yerelsen.org.tr\/wp-content\/uploads\/2017\/12\/23621196_1942269229355531_3754617796599741581_n.jpg 960w\" sizes=\"auto, (max-width: 206px) 100vw, 206px\" \/><\/p>\n<p><strong>\u00a0<\/strong><\/p>\n","protected":false},"excerpt":{"rendered":"Yerelsen\u2019in \u00fcyelerinden E\u015fme Belediyesi\u2019nde 24 i\u015f\u00e7iyi ilgilendirecek olan toplu i\u015f s\u00f6zle\u015fmeleri i\u00e7in g\u00f6r\u00fc\u015fmeler ba\u015flad\u0131. 14 Kas\u0131m 2017 tarihinde E\u015fme Belediyesi [&hellip;]","protected":false},"author":4,"featured_media":8289,"comment_status":"closed","ping_status":"closed","sticky":false,"template":"","format":"standard","meta":{"footnotes":""},"categories":[24],"tags":[],"class_list":["post-8288","post","type-post","status-publish","format-standard","has-post-thumbnail","hentry","category-sozlesmeler"],"_links":{"self":[{"href":"https:\/\/yerelsen.org.tr\/index.php\/wp-json\/wp\/v2\/posts\/8288","targetHints":{"allow":["GET"]}}],"collection":[{"href":"https:\/\/yerelsen.org.tr\/index.php\/wp-json\/wp\/v2\/posts"}],"about":[{"href":"https:\/\/yerelsen.org.tr\/index.php\/wp-json\/wp\/v2\/types\/post"}],"author":[{"embeddable":true,"href":"https:\/\/yerelsen.org.tr\/index.php\/wp-json\/wp\/v2\/users\/4"}],"replies":[{"embeddable":true,"href":"https:\/\/yerelsen.org.tr\/index.php\/wp-json\/wp\/v2\/comments?post=8288"}],"version-history":[{"count":1,"href":"https:\/\/yerelsen.org.tr\/index.php\/wp-json\/wp\/v2\/posts\/8288\/revisions"}],"predecessor-version":[{"id":8291,"href":"https:\/\/yerelsen.org.tr\/index.php\/wp-json\/wp\/v2\/posts\/8288\/revisions\/8291"}],"wp:featuredmedia":[{"embeddable":true,"href":"https:\/\/yerelsen.org.tr\/index.php\/wp-json\/wp\/v2\/media\/8289"}],"wp:attachment":[{"href":"https:\/\/yerelsen.org.tr\/index.php\/wp-json\/wp\/v2\/media?parent=8288"}],"wp:term":[{"taxonomy":"category","embeddable":true,"href":"https:\/\/yerelsen.org.tr\/index.php\/wp-json\/wp\/v2\/categories?post=8288"},{"taxonomy":"post_tag","embeddable":true,"href":"https:\/\/yerelsen.org.tr\/index.php\/wp-json\/wp\/v2\/tags?post=8288"}],"curies":[{"name":"wp","href":"https:\/\/api.w.org\/{rel}","templated":true}]}}