{"id":8302,"date":"2017-12-12T18:08:34","date_gmt":"2017-12-12T16:08:34","guid":{"rendered":"https:\/\/yerelsen.org.tr\/?p=8302"},"modified":"2017-12-12T18:17:53","modified_gmt":"2017-12-12T16:17:53","slug":"izmit-belediyesinde-toplu-is-sozlesmesi-heyecani","status":"publish","type":"post","link":"https:\/\/yerelsen.org.tr\/index.php\/izmit-belediyesinde-toplu-is-sozlesmesi-heyecani\/","title":{"rendered":"\u0130zmit Belediyesi\u2019nde Toplu \u0130\u015f S\u00f6zle\u015fmesi Heyecan\u0131"},"content":{"rendered":"<p><img loading=\"lazy\" decoding=\"async\" class=\"alignnone size-medium wp-image-8304\" src=\"https:\/\/yerelsen.org.tr\/wp-content\/uploads\/2017\/12\/ALI_8307-620x413.jpg\" alt=\"\" width=\"620\" height=\"413\" srcset=\"https:\/\/yerelsen.org.tr\/wp-content\/uploads\/2017\/12\/ALI_8307-620x413.jpg 620w, https:\/\/yerelsen.org.tr\/wp-content\/uploads\/2017\/12\/ALI_8307-768x512.jpg 768w, https:\/\/yerelsen.org.tr\/wp-content\/uploads\/2017\/12\/ALI_8307-850x567.jpg 850w\" sizes=\"auto, (max-width: 620px) 100vw, 620px\" \/><\/p>\n<p>\u0130zmit Belediyesi\u2019nde 209 i\u015f\u00e7iyi kapsayan toplu i\u015f s\u00f6zle\u015fmesi i\u00e7in g\u00f6r\u00fc\u015fmeler ba\u015flad\u0131. Belediyenin hizmet binas\u0131nda 29 Kas\u0131m 2017 tarihinde ger\u00e7ekle\u015fen ilk toplant\u0131da i\u015fveren vekili s\u0131fat\u0131 ile Yerelsen de yer ald\u0131.<\/p>\n<p>Yerelsen\u2019in \u00e7e\u015fitli temaslar\u0131n\u0131n ard\u0131ndan olumlu bir havada ba\u015flayan g\u00f6r\u00fc\u015fmelerde \u0130zmit Belediyesi\u2019ni Belediye Ba\u015fkan\u0131 Dr. Nevzat DO\u011eAN temsil ederken, i\u015fveren s\u0131fat\u0131 ile toplant\u0131lara kat\u0131lan Yerelsen\u2019i ise Genel Sekreter M\u00fcmtaz UZUN ve Sendika Uzman\u0131 \u0130brahim Halil \u00c7EL\u0130K temsil etti. Toplant\u0131ya i\u015f\u00e7i sendikas\u0131n\u0131 temsilen Kocaeli Hizmet i\u015f \u015fube ba\u015fkan\u0131 \u0130dris ERSOY, Hizmet i\u015f \u015eube Sek.\u00a0 Muharrem SUBA\u015eI, Hizmet i\u015f \u015eube Mali Sek. \u0130brahim \u00c7INAR kat\u0131ld\u0131.<\/p>\n<p>Toplu i\u015f s\u00f6zle\u015fmesi toplant\u0131s\u0131n\u0131n ba\u015flang\u0131c\u0131nda konu\u015fma yapan \u0130zmit Belediyesi Ba\u015fkan\u0131 Dr. Nevzat DO\u011eAN Toplu S\u00f6zle\u015fmenin Hay\u0131rlara vesile olmas\u0131n\u0131 temenni etti. S\u00f6zle\u015fmenin masada bitmesini arzu ettiklerini ve \u0130zmit\u00a0 Belediyesi i\u015f\u00e7ilerinin hak ettikleri maa\u015flar\u0131 vermek i\u00e7in gayret sarf edecekleri vurgusunu yapt\u0131.<\/p>\n<p>Konu\u015fman\u0131n ard\u0131ndan i\u015f\u00e7i sendikas\u0131n\u0131n haz\u0131rlad\u0131\u011f\u0131 66 maddelik taslak toplant\u0131da konu\u015fulurken, toplant\u0131n\u0131n 7 maddesi ise aynen kabul edildi.<\/p>\n\n\t\t<style type=\"text\/css\">\n\t\t\t#gallery-1 {\n\t\t\t\tmargin: auto;\n\t\t\t}\n\t\t\t#gallery-1 .gallery-item {\n\t\t\t\tfloat: left;\n\t\t\t\tmargin-top: 10px;\n\t\t\t\ttext-align: center;\n\t\t\t\twidth: 25%;\n\t\t\t}\n\t\t\t#gallery-1 img {\n\t\t\t\tborder: 2px solid #cfcfcf;\n\t\t\t}\n\t\t\t#gallery-1 .gallery-caption {\n\t\t\t\tmargin-left: 0;\n\t\t\t}\n\t\t\t\/* see gallery_shortcode() in wp-includes\/media.php *\/\n\t\t<\/style>\n\t\t<div id='gallery-1' class='gallery galleryid-8302 gallery-columns-4 gallery-size-thumbnail'><dl class='gallery-item'>\n\t\t\t<dt class='gallery-icon landscape'>\n\t\t\t\t<a href='https:\/\/yerelsen.org.tr\/wp-content\/uploads\/2017\/12\/ALI_8295.jpg'><img loading=\"lazy\" decoding=\"async\" width=\"140\" height=\"140\" src=\"https:\/\/yerelsen.org.tr\/wp-content\/uploads\/2017\/12\/ALI_8295-140x140.jpg\" class=\"attachment-thumbnail size-thumbnail\" alt=\"\" \/><\/a>\n\t\t\t<\/dt><\/dl><dl class='gallery-item'>\n\t\t\t<dt class='gallery-icon landscape'>\n\t\t\t\t<a href='https:\/\/yerelsen.org.tr\/wp-content\/uploads\/2017\/12\/ALI_8307.jpg'><img loading=\"lazy\" decoding=\"async\" width=\"140\" height=\"140\" src=\"https:\/\/yerelsen.org.tr\/wp-content\/uploads\/2017\/12\/ALI_8307-140x140.jpg\" class=\"attachment-thumbnail size-thumbnail\" alt=\"\" \/><\/a>\n\t\t\t<\/dt><\/dl>\n\t\t\t<br style='clear: both' \/>\n\t\t<\/div>\n\n","protected":false},"excerpt":{"rendered":"\u0130zmit Belediyesi\u2019nde 209 i\u015f\u00e7iyi kapsayan toplu i\u015f s\u00f6zle\u015fmesi i\u00e7in g\u00f6r\u00fc\u015fmeler ba\u015flad\u0131. Belediyenin hizmet binas\u0131nda 29 Kas\u0131m 2017 tarihinde ger\u00e7ekle\u015fen ilk [&hellip;]","protected":false},"author":4,"featured_media":8304,"comment_status":"closed","ping_status":"closed","sticky":false,"template":"","format":"standard","meta":{"footnotes":""},"categories":[24],"tags":[],"class_list":["post-8302","post","type-post","status-publish","format-standard","has-post-thumbnail","hentry","category-sozlesmeler"],"_links":{"self":[{"href":"https:\/\/yerelsen.org.tr\/index.php\/wp-json\/wp\/v2\/posts\/8302","targetHints":{"allow":["GET"]}}],"collection":[{"href":"https:\/\/yerelsen.org.tr\/index.php\/wp-json\/wp\/v2\/posts"}],"about":[{"href":"https:\/\/yerelsen.org.tr\/index.php\/wp-json\/wp\/v2\/types\/post"}],"author":[{"embeddable":true,"href":"https:\/\/yerelsen.org.tr\/index.php\/wp-json\/wp\/v2\/users\/4"}],"replies":[{"embeddable":true,"href":"https:\/\/yerelsen.org.tr\/index.php\/wp-json\/wp\/v2\/comments?post=8302"}],"version-history":[{"count":1,"href":"https:\/\/yerelsen.org.tr\/index.php\/wp-json\/wp\/v2\/posts\/8302\/revisions"}],"predecessor-version":[{"id":8305,"href":"https:\/\/yerelsen.org.tr\/index.php\/wp-json\/wp\/v2\/posts\/8302\/revisions\/8305"}],"wp:featuredmedia":[{"embeddable":true,"href":"https:\/\/yerelsen.org.tr\/index.php\/wp-json\/wp\/v2\/media\/8304"}],"wp:attachment":[{"href":"https:\/\/yerelsen.org.tr\/index.php\/wp-json\/wp\/v2\/media?parent=8302"}],"wp:term":[{"taxonomy":"category","embeddable":true,"href":"https:\/\/yerelsen.org.tr\/index.php\/wp-json\/wp\/v2\/categories?post=8302"},{"taxonomy":"post_tag","embeddable":true,"href":"https:\/\/yerelsen.org.tr\/index.php\/wp-json\/wp\/v2\/tags?post=8302"}],"curies":[{"name":"wp","href":"https:\/\/api.w.org\/{rel}","templated":true}]}}