{"id":8327,"date":"2018-01-05T17:08:20","date_gmt":"2018-01-05T15:08:20","guid":{"rendered":"https:\/\/yerelsen.org.tr\/?p=8327"},"modified":"2018-01-06T15:50:20","modified_gmt":"2018-01-06T13:50:20","slug":"golkoy-belediyesinde-gorusmeler-basladi-2","status":"publish","type":"post","link":"https:\/\/yerelsen.org.tr\/index.php\/golkoy-belediyesinde-gorusmeler-basladi-2\/","title":{"rendered":"G\u00f6lk\u00f6y Belediyesi\u2019nde G\u00f6r\u00fc\u015fmeler Ba\u015flad\u0131"},"content":{"rendered":"<p><img loading=\"lazy\" decoding=\"async\" class=\"alignnone size-medium wp-image-8330\" src=\"https:\/\/yerelsen.org.tr\/wp-content\/uploads\/2018\/01\/golkoy-3-620x465.jpg\" alt=\"\" width=\"620\" height=\"465\" srcset=\"https:\/\/yerelsen.org.tr\/wp-content\/uploads\/2018\/01\/golkoy-3-620x465.jpg 620w, https:\/\/yerelsen.org.tr\/wp-content\/uploads\/2018\/01\/golkoy-3-768x576.jpg 768w, https:\/\/yerelsen.org.tr\/wp-content\/uploads\/2018\/01\/golkoy-3-850x638.jpg 850w, https:\/\/yerelsen.org.tr\/wp-content\/uploads\/2018\/01\/golkoy-3.jpg 1200w\" sizes=\"auto, (max-width: 620px) 100vw, 620px\" \/><\/p>\n<p>Yerelsen\u2019in \u00fcye belediyelerinden olan G\u00f6lk\u00f6y\u2019de Toplu \u0130\u015f S\u00f6zle\u015fmesi g\u00f6r\u00fc\u015fmeleri ba\u015flad\u0131. 03 Ocak 2018 tarihinde G\u00f6lk\u00f6y Belediyesi\u2019nde d\u00fczenlenen ilk toplant\u0131 ile birlikte s\u00f6zle\u015fme g\u00f6r\u00fc\u015fmelerine ge\u00e7ildi.<\/p>\n<p>Yerelsen\u2019in G\u00f6lk\u00f6y Belediyesi\u2019ndeki temaslar\u0131n\u0131n ard\u0131ndan yap\u0131lan toplant\u0131da G\u00f6lk\u00f6y Belediye\u2019sini temsilen Ba\u015fkan Yard\u0131mc\u0131s\u0131 Murat Emre \u00d6MERUSTAO\u011eLU, Belediye Yaz\u0131 \u0130\u015fleri M\u00fcd\u00fcr\u00fc \u00dcmit KATIRCI yer al\u0131rken, i\u015fveren vekili s\u0131fat\u0131 ile i\u015ftirak eden Yerelsen\u2019i ise Sendika uzmanlar\u0131ndan Hasan TENL\u0130K ve Murat ASLAN temsil etti. G\u00f6r\u00fc\u015fmelerde i\u015f\u00e7i taraf\u0131n\u0131 temsil eden Belediye-\u0130\u015f Sendikas\u0131\u2019ndan ise Ordu \u015eube Ba\u015fkan\u0131 Yusuf KIR ve Temsilci \u00d6zg\u00fcr AKKAYA toplant\u0131ya kat\u0131ld\u0131.<\/p>\n<p>S\u00f6zle\u015fme g\u00f6r\u00fc\u015fmelerinden \u00f6nce temenni konu\u015fmas\u0131 yapan G\u00f6lk\u00f6y Belediye Ba\u015fkan\u0131 Ali Kemal MERT yeni d\u00f6nem i\u00e7in imzalanacak toplu\u00a0 i\u015f s\u00f6zle\u015fmesinin hem belediyemize hemde i\u015f\u00e7ilerimize hay\u0131rl\u0131 olmas\u0131n\u0131 temenni etti.<\/p>\n<p>G\u00f6lk\u00f6y Belediyesi\u2019nin 7 i\u015f\u00e7isini kapsayan Toplu \u0130\u015f S\u00f6zle\u015fmesi\u2019nin ilk g\u00f6r\u00fc\u015fmesinde i\u015f\u00e7i sendikas\u0131n\u0131n haz\u0131rlad\u0131\u011f\u0131 59 maddelik tasla\u011f\u0131n 19 maddesi kabul edilirken 1 maddenin ise ertelenmesine karar verildi.<\/p>\n\n\t\t<style type=\"text\/css\">\n\t\t\t#gallery-1 {\n\t\t\t\tmargin: auto;\n\t\t\t}\n\t\t\t#gallery-1 .gallery-item {\n\t\t\t\tfloat: left;\n\t\t\t\tmargin-top: 10px;\n\t\t\t\ttext-align: center;\n\t\t\t\twidth: 25%;\n\t\t\t}\n\t\t\t#gallery-1 img {\n\t\t\t\tborder: 2px solid #cfcfcf;\n\t\t\t}\n\t\t\t#gallery-1 .gallery-caption {\n\t\t\t\tmargin-left: 0;\n\t\t\t}\n\t\t\t\/* see gallery_shortcode() in wp-includes\/media.php *\/\n\t\t<\/style>\n\t\t<div id='gallery-1' class='gallery galleryid-8327 gallery-columns-4 gallery-size-thumbnail'><dl class='gallery-item'>\n\t\t\t<dt class='gallery-icon landscape'>\n\t\t\t\t<a href='https:\/\/yerelsen.org.tr\/wp-content\/uploads\/2018\/01\/golkoy-4.jpg'><img loading=\"lazy\" decoding=\"async\" width=\"140\" height=\"140\" src=\"https:\/\/yerelsen.org.tr\/wp-content\/uploads\/2018\/01\/golkoy-4-140x140.jpg\" class=\"attachment-thumbnail size-thumbnail\" alt=\"\" \/><\/a>\n\t\t\t<\/dt><\/dl><dl class='gallery-item'>\n\t\t\t<dt class='gallery-icon landscape'>\n\t\t\t\t<a href='https:\/\/yerelsen.org.tr\/wp-content\/uploads\/2018\/01\/golkoy-3.jpg'><img loading=\"lazy\" decoding=\"async\" width=\"140\" height=\"140\" src=\"https:\/\/yerelsen.org.tr\/wp-content\/uploads\/2018\/01\/golkoy-3-140x140.jpg\" class=\"attachment-thumbnail size-thumbnail\" alt=\"\" \/><\/a>\n\t\t\t<\/dt><\/dl><dl class='gallery-item'>\n\t\t\t<dt class='gallery-icon landscape'>\n\t\t\t\t<a href='https:\/\/yerelsen.org.tr\/wp-content\/uploads\/2018\/01\/golkoy-2.jpg'><img loading=\"lazy\" decoding=\"async\" width=\"140\" height=\"140\" src=\"https:\/\/yerelsen.org.tr\/wp-content\/uploads\/2018\/01\/golkoy-2-140x140.jpg\" class=\"attachment-thumbnail size-thumbnail\" alt=\"\" \/><\/a>\n\t\t\t<\/dt><\/dl><dl class='gallery-item'>\n\t\t\t<dt class='gallery-icon landscape'>\n\t\t\t\t<a href='https:\/\/yerelsen.org.tr\/wp-content\/uploads\/2018\/01\/golkoy-1.jpg'><img loading=\"lazy\" decoding=\"async\" width=\"140\" height=\"140\" src=\"https:\/\/yerelsen.org.tr\/wp-content\/uploads\/2018\/01\/golkoy-1-140x140.jpg\" class=\"attachment-thumbnail size-thumbnail\" alt=\"\" \/><\/a>\n\t\t\t<\/dt><\/dl><br style=\"clear: both\" \/>\n\t\t<\/div>\n\n","protected":false},"excerpt":{"rendered":"Yerelsen\u2019in \u00fcye belediyelerinden olan G\u00f6lk\u00f6y\u2019de Toplu \u0130\u015f S\u00f6zle\u015fmesi g\u00f6r\u00fc\u015fmeleri ba\u015flad\u0131. 03 Ocak 2018 tarihinde G\u00f6lk\u00f6y Belediyesi\u2019nde d\u00fczenlenen ilk toplant\u0131 ile [&hellip;]","protected":false},"author":4,"featured_media":8330,"comment_status":"closed","ping_status":"closed","sticky":false,"template":"","format":"standard","meta":{"footnotes":""},"categories":[24],"tags":[],"class_list":["post-8327","post","type-post","status-publish","format-standard","has-post-thumbnail","hentry","category-sozlesmeler"],"_links":{"self":[{"href":"https:\/\/yerelsen.org.tr\/index.php\/wp-json\/wp\/v2\/posts\/8327","targetHints":{"allow":["GET"]}}],"collection":[{"href":"https:\/\/yerelsen.org.tr\/index.php\/wp-json\/wp\/v2\/posts"}],"about":[{"href":"https:\/\/yerelsen.org.tr\/index.php\/wp-json\/wp\/v2\/types\/post"}],"author":[{"embeddable":true,"href":"https:\/\/yerelsen.org.tr\/index.php\/wp-json\/wp\/v2\/users\/4"}],"replies":[{"embeddable":true,"href":"https:\/\/yerelsen.org.tr\/index.php\/wp-json\/wp\/v2\/comments?post=8327"}],"version-history":[{"count":3,"href":"https:\/\/yerelsen.org.tr\/index.php\/wp-json\/wp\/v2\/posts\/8327\/revisions"}],"predecessor-version":[{"id":8335,"href":"https:\/\/yerelsen.org.tr\/index.php\/wp-json\/wp\/v2\/posts\/8327\/revisions\/8335"}],"wp:featuredmedia":[{"embeddable":true,"href":"https:\/\/yerelsen.org.tr\/index.php\/wp-json\/wp\/v2\/media\/8330"}],"wp:attachment":[{"href":"https:\/\/yerelsen.org.tr\/index.php\/wp-json\/wp\/v2\/media?parent=8327"}],"wp:term":[{"taxonomy":"category","embeddable":true,"href":"https:\/\/yerelsen.org.tr\/index.php\/wp-json\/wp\/v2\/categories?post=8327"},{"taxonomy":"post_tag","embeddable":true,"href":"https:\/\/yerelsen.org.tr\/index.php\/wp-json\/wp\/v2\/tags?post=8327"}],"curies":[{"name":"wp","href":"https:\/\/api.w.org\/{rel}","templated":true}]}}