{"id":8465,"date":"2018-02-26T17:21:58","date_gmt":"2018-02-26T15:21:58","guid":{"rendered":"https:\/\/yerelsen.org.tr\/?p=8465"},"modified":"2018-02-26T17:21:58","modified_gmt":"2018-02-26T15:21:58","slug":"serdivan-belediyesinde-gorusmeler-basladi","status":"publish","type":"post","link":"https:\/\/yerelsen.org.tr\/index.php\/serdivan-belediyesinde-gorusmeler-basladi\/","title":{"rendered":"Serdivan Belediyesi&#8217;nde G\u00f6r\u00fc\u015fmeler Ba\u015flad\u0131"},"content":{"rendered":"<p>Servidan Belediyesi\u2019nde 60 i\u015f\u00e7iyi kapsayan toplu i\u015f s\u00f6zle\u015fmesi i\u00e7in g\u00f6r\u00fc\u015fmeler ba\u015flad\u0131. Belediyenin hizmet binas\u0131nda 7 \u015eubat 2018 tarihinde ger\u00e7ekle\u015fen ilk toplant\u0131da i\u015fveren vekili s\u0131fat\u0131 ile Yerelsen de yer ald\u0131.<\/p>\n<p>Yerelsen\u2019in \u00e7e\u015fitli temaslar\u0131n\u0131n ard\u0131ndan olumlu bir havada ba\u015flayan g\u00f6r\u00fc\u015fmelerde Serdivan Belediyesi\u2019ni \u0130nsan Kaynaklar\u0131 M\u00fcd\u00fcr\u00fc \u0130brahim DO\u011eAN, Mali Hizmetler M\u00fcd\u00fcr\u00fc Osman \u00c7EV\u0130K temsil etti. Yerelsen uzmanlar\u0131 Cavit TOKPINAR ve Melih KURAN ile Yerelsen Dan\u0131\u015fman\u0131 Ertu\u011frul \u00d6ZCAN\u2019da g\u00f6r\u00fc\u015fmelerde yer ald\u0131lar. Toplant\u0131da i\u015f\u00e7i taraf\u0131n\u0131 temsil eden Hizmet-\u0130\u015f\u2019ten ise Sakarya \u015eube Ba\u015fkan\u0131 Mehmet Mesut G\u00d6KDEM\u0130R, Sakarya \u015eube Mali Sekreteri Ertu\u011frul \u00c7AKMAK, Sakarya \u015eube Personeli Ertu\u011frul AKTA\u015e, Sakarya \u015eube Disiplin Kurulu G\u00fcley ERSOZ, i\u015fyeri sendika ba\u015ftemsilcisi Sezgin KURT ve i\u015fyeri sendika temsilcisi Emiray YILDIZ i\u015ftirak ettiler.<\/p>\n<p>Toplu i\u015f s\u00f6zle\u015fmesi toplant\u0131s\u0131n\u0131n ba\u015flang\u0131c\u0131nda yap\u0131lan temenni konu\u015fmalar\u0131n\u0131n ard\u0131ndan i\u015f\u00e7i sendikas\u0131n\u0131n haz\u0131rlad\u0131\u011f\u0131 79 as\u0131l ve 1 ek maddeden olu\u015fan taslak toplant\u0131da konu\u015fulurken, ilk 15 maddesi ise aynen kabul edildi.<\/p>\n<p><a href=\"https:\/\/yerelsen.org.tr\/wp-content\/uploads\/2018\/02\/D25A9616-web.jpg\"><img loading=\"lazy\" decoding=\"async\" class=\"aligncenter  wp-image-8467\" src=\"https:\/\/yerelsen.org.tr\/wp-content\/uploads\/2018\/02\/D25A9616-web-620x413.jpg\" alt=\"\" width=\"606\" height=\"404\" srcset=\"https:\/\/yerelsen.org.tr\/wp-content\/uploads\/2018\/02\/D25A9616-web-620x413.jpg 620w, https:\/\/yerelsen.org.tr\/wp-content\/uploads\/2018\/02\/D25A9616-web-768x512.jpg 768w, https:\/\/yerelsen.org.tr\/wp-content\/uploads\/2018\/02\/D25A9616-web-850x567.jpg 850w, https:\/\/yerelsen.org.tr\/wp-content\/uploads\/2018\/02\/D25A9616-web.jpg 1200w\" sizes=\"auto, (max-width: 606px) 100vw, 606px\" \/><\/a><\/p>\n","protected":false},"excerpt":{"rendered":"Servidan Belediyesi\u2019nde 60 i\u015f\u00e7iyi kapsayan toplu i\u015f s\u00f6zle\u015fmesi i\u00e7in g\u00f6r\u00fc\u015fmeler ba\u015flad\u0131. Belediyenin hizmet binas\u0131nda 7 \u015eubat 2018 tarihinde ger\u00e7ekle\u015fen ilk [&hellip;]","protected":false},"author":3,"featured_media":8466,"comment_status":"closed","ping_status":"closed","sticky":false,"template":"","format":"standard","meta":{"footnotes":""},"categories":[24],"tags":[],"class_list":["post-8465","post","type-post","status-publish","format-standard","has-post-thumbnail","hentry","category-sozlesmeler"],"_links":{"self":[{"href":"https:\/\/yerelsen.org.tr\/index.php\/wp-json\/wp\/v2\/posts\/8465","targetHints":{"allow":["GET"]}}],"collection":[{"href":"https:\/\/yerelsen.org.tr\/index.php\/wp-json\/wp\/v2\/posts"}],"about":[{"href":"https:\/\/yerelsen.org.tr\/index.php\/wp-json\/wp\/v2\/types\/post"}],"author":[{"embeddable":true,"href":"https:\/\/yerelsen.org.tr\/index.php\/wp-json\/wp\/v2\/users\/3"}],"replies":[{"embeddable":true,"href":"https:\/\/yerelsen.org.tr\/index.php\/wp-json\/wp\/v2\/comments?post=8465"}],"version-history":[{"count":1,"href":"https:\/\/yerelsen.org.tr\/index.php\/wp-json\/wp\/v2\/posts\/8465\/revisions"}],"predecessor-version":[{"id":8468,"href":"https:\/\/yerelsen.org.tr\/index.php\/wp-json\/wp\/v2\/posts\/8465\/revisions\/8468"}],"wp:featuredmedia":[{"embeddable":true,"href":"https:\/\/yerelsen.org.tr\/index.php\/wp-json\/wp\/v2\/media\/8466"}],"wp:attachment":[{"href":"https:\/\/yerelsen.org.tr\/index.php\/wp-json\/wp\/v2\/media?parent=8465"}],"wp:term":[{"taxonomy":"category","embeddable":true,"href":"https:\/\/yerelsen.org.tr\/index.php\/wp-json\/wp\/v2\/categories?post=8465"},{"taxonomy":"post_tag","embeddable":true,"href":"https:\/\/yerelsen.org.tr\/index.php\/wp-json\/wp\/v2\/tags?post=8465"}],"curies":[{"name":"wp","href":"https:\/\/api.w.org\/{rel}","templated":true}]}}