{"id":8485,"date":"2018-03-14T23:01:54","date_gmt":"2018-03-14T21:01:54","guid":{"rendered":"https:\/\/yerelsen.org.tr\/?p=8485"},"modified":"2018-03-14T23:12:59","modified_gmt":"2018-03-14T21:12:59","slug":"cankiri-belediyesinde-anlasma-saglandi","status":"publish","type":"post","link":"https:\/\/yerelsen.org.tr\/index.php\/cankiri-belediyesinde-anlasma-saglandi\/","title":{"rendered":"\u00c7ank\u0131r\u0131 Belediyesi&#8217;nde Anla\u015fma Sa\u011fland\u0131"},"content":{"rendered":"<p><a href=\"https:\/\/yerelsen.org.tr\/wp-content\/uploads\/2018\/03\/cankiri.jpg\"><img loading=\"lazy\" decoding=\"async\" class=\"aligncenter size-medium wp-image-8486\" src=\"https:\/\/yerelsen.org.tr\/wp-content\/uploads\/2018\/03\/cankiri-620x397.jpg\" alt=\"\" width=\"620\" height=\"397\" srcset=\"https:\/\/yerelsen.org.tr\/wp-content\/uploads\/2018\/03\/cankiri-620x397.jpg 620w, https:\/\/yerelsen.org.tr\/wp-content\/uploads\/2018\/03\/cankiri-768x492.jpg 768w, https:\/\/yerelsen.org.tr\/wp-content\/uploads\/2018\/03\/cankiri-850x544.jpg 850w, https:\/\/yerelsen.org.tr\/wp-content\/uploads\/2018\/03\/cankiri.jpg 1250w\" sizes=\"auto, (max-width: 620px) 100vw, 620px\" \/><\/a><\/p>\n<p>Yerelsen&#8217;in \u00fcye kurulu\u015flar\u0131ndan \u00c7ank\u0131r\u0131 Belediyesi&#8217;nde toplu i\u015f s\u00f6zle\u015fmesi i\u00e7in son g\u00f6r\u00fc\u015fme 05 Ocak 2018 tarihinde yap\u0131ld\u0131. Belediye Ba\u015fkanl\u0131k binas\u0131nda ger\u00e7ekle\u015fen toplant\u0131da s\u00f6zle\u015fme ile ilgili taraflar aras\u0131nda son de\u011ferlendirmeler yap\u0131ld\u0131.<\/p>\n<p>Toplu i\u015f s\u00f6zle\u015fmesi toplant\u0131s\u0131nda \u00c7ank\u0131r\u0131 Belediyesi&#8217;ni temsilen Ba\u015fkan Yard\u0131mc\u0131s\u0131 Hasan \u00d6ZT\u00dcRK kat\u0131l\u0131rken i\u015fveren vekili s\u0131fat\u0131 ile toplant\u0131ya dahil olan Yerelsen&#8217;i ise sendika uzmanlar\u0131ndan Hasan Tenlik ve Murat Aslan temsil etti. G\u00f6r\u00fc\u015fmelerde i\u015f\u00e7i taraf\u0131n\u0131 temsil eden Hizmet \u0130\u015f Sendikas\u0131ndan ise Ankara 4 Nolu \u015eube Ba\u015fkan\u0131 Yusuf G\u00dcLER ve \u015eube Te\u015fkilatlanma Sekreteri Arzu TEK\u0130N haz\u0131r bulundu.<\/p>\n<p>Yap\u0131lan son toplant\u0131da taraflar kalan maddeleri de\u011ferlendirdikten sonra anla\u015fma sa\u011flanm\u0131\u015f oldu. Anla\u015fma sonras\u0131nda \u00c7ank\u0131r\u0131 Belediye Ba\u015fkan Yard\u0131mc\u0131s\u0131 Hasan \u00d6ZT\u00dcRK,\u00a0yeni d\u00f6nem i\u00e7in imzalananan toplu i\u015f s\u00f6zle\u015fmesinin iki tarafa da hay\u0131rl\u0131 olmas\u0131n\u0131 temenni etti. Ayr\u0131ca s\u00f6zle\u015fme s\u00fcrecinin\u00a0masada bitmesinin de kendilerini memnun etti\u011finin alt\u0131n\u0131 \u00e7izdi.<\/p>\n","protected":false},"excerpt":{"rendered":"Yerelsen&#8217;in \u00fcye kurulu\u015flar\u0131ndan \u00c7ank\u0131r\u0131 Belediyesi&#8217;nde toplu i\u015f s\u00f6zle\u015fmesi i\u00e7in son g\u00f6r\u00fc\u015fme 05 Ocak 2018 tarihinde yap\u0131ld\u0131. Belediye Ba\u015fkanl\u0131k binas\u0131nda ger\u00e7ekle\u015fen [&hellip;]","protected":false},"author":3,"featured_media":8486,"comment_status":"closed","ping_status":"closed","sticky":false,"template":"","format":"standard","meta":{"footnotes":""},"categories":[24],"tags":[],"class_list":["post-8485","post","type-post","status-publish","format-standard","has-post-thumbnail","hentry","category-sozlesmeler"],"_links":{"self":[{"href":"https:\/\/yerelsen.org.tr\/index.php\/wp-json\/wp\/v2\/posts\/8485","targetHints":{"allow":["GET"]}}],"collection":[{"href":"https:\/\/yerelsen.org.tr\/index.php\/wp-json\/wp\/v2\/posts"}],"about":[{"href":"https:\/\/yerelsen.org.tr\/index.php\/wp-json\/wp\/v2\/types\/post"}],"author":[{"embeddable":true,"href":"https:\/\/yerelsen.org.tr\/index.php\/wp-json\/wp\/v2\/users\/3"}],"replies":[{"embeddable":true,"href":"https:\/\/yerelsen.org.tr\/index.php\/wp-json\/wp\/v2\/comments?post=8485"}],"version-history":[{"count":2,"href":"https:\/\/yerelsen.org.tr\/index.php\/wp-json\/wp\/v2\/posts\/8485\/revisions"}],"predecessor-version":[{"id":8491,"href":"https:\/\/yerelsen.org.tr\/index.php\/wp-json\/wp\/v2\/posts\/8485\/revisions\/8491"}],"wp:featuredmedia":[{"embeddable":true,"href":"https:\/\/yerelsen.org.tr\/index.php\/wp-json\/wp\/v2\/media\/8486"}],"wp:attachment":[{"href":"https:\/\/yerelsen.org.tr\/index.php\/wp-json\/wp\/v2\/media?parent=8485"}],"wp:term":[{"taxonomy":"category","embeddable":true,"href":"https:\/\/yerelsen.org.tr\/index.php\/wp-json\/wp\/v2\/categories?post=8485"},{"taxonomy":"post_tag","embeddable":true,"href":"https:\/\/yerelsen.org.tr\/index.php\/wp-json\/wp\/v2\/tags?post=8485"}],"curies":[{"name":"wp","href":"https:\/\/api.w.org\/{rel}","templated":true}]}}