{"id":8488,"date":"2018-03-14T23:12:31","date_gmt":"2018-03-14T21:12:31","guid":{"rendered":"https:\/\/yerelsen.org.tr\/?p=8488"},"modified":"2018-03-14T23:13:30","modified_gmt":"2018-03-14T21:13:30","slug":"korganda-imzalar-atildi","status":"publish","type":"post","link":"https:\/\/yerelsen.org.tr\/index.php\/korganda-imzalar-atildi\/","title":{"rendered":"Korgan&#8217;da \u0130mzalar At\u0131ld\u0131"},"content":{"rendered":"<p><a href=\"https:\/\/yerelsen.org.tr\/wp-content\/uploads\/2018\/03\/korgan.jpg\"><img loading=\"lazy\" decoding=\"async\" class=\"aligncenter size-medium wp-image-8489\" src=\"https:\/\/yerelsen.org.tr\/wp-content\/uploads\/2018\/03\/korgan-620x397.jpg\" alt=\"\" width=\"620\" height=\"397\" srcset=\"https:\/\/yerelsen.org.tr\/wp-content\/uploads\/2018\/03\/korgan-620x397.jpg 620w, https:\/\/yerelsen.org.tr\/wp-content\/uploads\/2018\/03\/korgan-768x492.jpg 768w, https:\/\/yerelsen.org.tr\/wp-content\/uploads\/2018\/03\/korgan-850x544.jpg 850w, https:\/\/yerelsen.org.tr\/wp-content\/uploads\/2018\/03\/korgan.jpg 1250w\" sizes=\"auto, (max-width: 620px) 100vw, 620px\" \/><\/a><\/p>\n<p>Yerelsen&#8217;in i\u015fveren vekili s\u0131fat\u0131 ile temsil etti\u011fi kurumlardan Korgan Belediyesi&#8217;nde bir s\u00fcredir devam eden toplu i\u015f s\u00f6zle\u015fmesi g\u00f6r\u00fc\u015fmeleri tamamland\u0131. 19 Ocak 2018 tarihinde Korgan Belediyesi Ba\u015fkanl\u0131k Binas\u0131nda ger\u00e7ekle\u015fen toplant\u0131da 30 i\u015f\u00e7iyi ilgilendiren toplu i\u015f s\u00f6zle\u015fmesinde anla\u015fma sa\u011fland\u0131.<\/p>\n<p>Yap\u0131lan son toplant\u0131ya Korgan Belediyesi&#8217;ni temsilen Belediye Ba\u015fkan\u0131 Tuncay K\u0130RAZ, Mali Hizmetler M\u00fcd\u00fcr\u00fc Erol \u00d6ZCAN, Yaz\u0131 \u0130\u015fleri M\u00fcd\u00fcr\u00fc Murat KARAKAYA ve \u0130nsan Kaynaklar\u0131 M\u00fcd\u00fcr\u00fc Muhammet G\u00dcVEN kat\u0131l\u0131rken Yerelsen ise sendika uzmanlar\u0131ndan Hasan TENL\u0130K ve Murat ASLAN taraf\u0131ndan temsil edildi. G\u00f6r\u00fc\u015fmelerde i\u015f\u00e7i taraf\u0131n\u0131 ise Hizmet-\u0130\u015f Ordu \u015eube Ba\u015fkan\u0131 Nevzat ACU, \u015eube Sekreteri G\u00fcner \u0130Y\u0130G\u00dcN ve Ba\u015ftemsilci M\u00fcfit B\u00d6REK temsil etti.<\/p>\n<p>Toplant\u0131da toplu i\u015f s\u00f6zle\u015fmesi \u00fczerine son m\u00fczakareler taraflarca yap\u0131ld\u0131ktan sonra anla\u015fma sa\u011flanarak imzalar at\u0131ld\u0131. S\u00f6zle\u015fmenin imzalanmas\u0131n\u0131n ard\u0131ndan konu\u015fan Korgan Belediye Ba\u015fkan\u0131 Tuncay K\u0130RAZ\u00a0yeni d\u00f6nem<br \/>\ni\u00e7in imzalananan toplu i\u015f s\u00f6zle\u015fmesinin iki tarafa da hay\u0131rl\u0131 olmas\u0131n\u0131 temenni etti. Ayr\u0131ca g\u00f6r\u00fc\u015fmelerin masada<br \/>\nbitmesinin de kendilerini memnun etti\u011finin alt\u0131n\u0131 \u00e7izdi.<\/p>\n<p>&nbsp;<\/p>\n","protected":false},"excerpt":{"rendered":"Yerelsen&#8217;in i\u015fveren vekili s\u0131fat\u0131 ile temsil etti\u011fi kurumlardan Korgan Belediyesi&#8217;nde bir s\u00fcredir devam eden toplu i\u015f s\u00f6zle\u015fmesi g\u00f6r\u00fc\u015fmeleri tamamland\u0131. 19 [&hellip;]","protected":false},"author":3,"featured_media":8489,"comment_status":"closed","ping_status":"closed","sticky":false,"template":"","format":"standard","meta":{"footnotes":""},"categories":[24],"tags":[],"class_list":["post-8488","post","type-post","status-publish","format-standard","has-post-thumbnail","hentry","category-sozlesmeler"],"_links":{"self":[{"href":"https:\/\/yerelsen.org.tr\/index.php\/wp-json\/wp\/v2\/posts\/8488","targetHints":{"allow":["GET"]}}],"collection":[{"href":"https:\/\/yerelsen.org.tr\/index.php\/wp-json\/wp\/v2\/posts"}],"about":[{"href":"https:\/\/yerelsen.org.tr\/index.php\/wp-json\/wp\/v2\/types\/post"}],"author":[{"embeddable":true,"href":"https:\/\/yerelsen.org.tr\/index.php\/wp-json\/wp\/v2\/users\/3"}],"replies":[{"embeddable":true,"href":"https:\/\/yerelsen.org.tr\/index.php\/wp-json\/wp\/v2\/comments?post=8488"}],"version-history":[{"count":1,"href":"https:\/\/yerelsen.org.tr\/index.php\/wp-json\/wp\/v2\/posts\/8488\/revisions"}],"predecessor-version":[{"id":8490,"href":"https:\/\/yerelsen.org.tr\/index.php\/wp-json\/wp\/v2\/posts\/8488\/revisions\/8490"}],"wp:featuredmedia":[{"embeddable":true,"href":"https:\/\/yerelsen.org.tr\/index.php\/wp-json\/wp\/v2\/media\/8489"}],"wp:attachment":[{"href":"https:\/\/yerelsen.org.tr\/index.php\/wp-json\/wp\/v2\/media?parent=8488"}],"wp:term":[{"taxonomy":"category","embeddable":true,"href":"https:\/\/yerelsen.org.tr\/index.php\/wp-json\/wp\/v2\/categories?post=8488"},{"taxonomy":"post_tag","embeddable":true,"href":"https:\/\/yerelsen.org.tr\/index.php\/wp-json\/wp\/v2\/tags?post=8488"}],"curies":[{"name":"wp","href":"https:\/\/api.w.org\/{rel}","templated":true}]}}