{"id":8498,"date":"2018-03-14T23:44:29","date_gmt":"2018-03-14T21:44:29","guid":{"rendered":"https:\/\/yerelsen.org.tr\/?p=8498"},"modified":"2018-03-14T23:44:29","modified_gmt":"2018-03-14T21:44:29","slug":"yuregir-belediyesinde-gorusmeler-basladi-2","status":"publish","type":"post","link":"https:\/\/yerelsen.org.tr\/index.php\/yuregir-belediyesinde-gorusmeler-basladi-2\/","title":{"rendered":"Y\u00fcre\u011fir Belediyesi&#8217;nde G\u00f6r\u00fc\u015fmeler Ba\u015flad\u0131"},"content":{"rendered":"<p><a href=\"https:\/\/yerelsen.org.tr\/wp-content\/uploads\/2018\/03\/yuregir.jpg\"><img loading=\"lazy\" decoding=\"async\" class=\"aligncenter size-medium wp-image-8499\" src=\"https:\/\/yerelsen.org.tr\/wp-content\/uploads\/2018\/03\/yuregir-620x397.jpg\" alt=\"\" width=\"620\" height=\"397\" srcset=\"https:\/\/yerelsen.org.tr\/wp-content\/uploads\/2018\/03\/yuregir-620x397.jpg 620w, https:\/\/yerelsen.org.tr\/wp-content\/uploads\/2018\/03\/yuregir-768x492.jpg 768w, https:\/\/yerelsen.org.tr\/wp-content\/uploads\/2018\/03\/yuregir-850x544.jpg 850w, https:\/\/yerelsen.org.tr\/wp-content\/uploads\/2018\/03\/yuregir.jpg 1250w\" sizes=\"auto, (max-width: 620px) 100vw, 620px\" \/><\/a><\/p>\n<p>Sendikam\u0131z \u00fcyelerinden Y\u00fcre\u011fir Belediyesi&#8217;nde toplu i\u015f s\u00f6zle\u015fmesi i\u00e7in g\u00f6r\u00fc\u015fmeler ba\u015flad\u0131. 116 i\u015f\u00e7iyi ilgilendiren yeni d\u00f6nem toplu i\u015f s\u00f6zle\u015fmesi i\u00e7in ilk toplant\u0131 5 Mart 2018 tarihinde belediye binas\u0131nda yap\u0131ld\u0131.<\/p>\n<p>Yerelsen&#8217;in \u00e7e\u015fitli temaslar\u0131n\u0131n ard\u0131ndan ba\u015flayan toplant\u0131da belediyeyi temsilen\u00a0Belediyesi Ba\u015fkan<br \/>\nYard\u0131mc\u0131s\u0131 Feridun SARI, \u0130nsan Kaynaklar\u0131 M\u00fcd\u00fcr\u00fc M\u00fcmin CIRIK ve Mali Hizmetler M\u00fcd\u00fcr\u00fc Meral \u00c7ET\u0130N kat\u0131l\u0131m g\u00f6sterdi. Yerelsen&#8217;i ise sendika uzmanlar\u0131ndan Hasan TENL\u0130K ve Murat Aslan temsil etti. Toplant\u0131da i\u015f\u00e7i taraf\u0131ndan ise Hizmet-i\u015f Adana \u015eube Ba\u015fkan\u0131 Abdurrahman\u00a0Y\u00dcCEL, \u015eube Sekreteri Mehmet G\u00d6K, Ba\u015ftemsilci Bekir Hakan Durna, Zeynel ATAMAN ve Serdar \u0130SP\u0130L toplant\u0131ya i\u015ftirak etti.<\/p>\n<p>S\u00f6zle\u015fme g\u00f6r\u00fc\u015fmelerinin \u00f6ncesinde bir temenni konu\u015fmas\u0131 yapan Y\u00fcre\u011fir Belediye Ba\u015fkan Yard\u0131mc\u0131s\u0131 Feridun SARI\u00a0yeni d\u00f6nem i\u00e7in imzalanacak toplu i\u015f s\u00f6zle\u015fmesinin iki tarafa da hay\u0131rl\u0131\u00a0olmas\u0131n\u0131 diledi\u011fini ifade etti.<\/p>\n<p>Yap\u0131lan ilk toplant\u0131da i\u015f\u00e7i sendikas\u0131 taraf\u0131ndan haz\u0131rlanan 72 maddelik tasla\u011f\u0131n ilk 53 maddesi kabul edilirken 19 madde \u00fczerinde ise erteleme yap\u0131lmas\u0131na karar verildi.<\/p>\n<p>&nbsp;<\/p>\n","protected":false},"excerpt":{"rendered":"Sendikam\u0131z \u00fcyelerinden Y\u00fcre\u011fir Belediyesi&#8217;nde toplu i\u015f s\u00f6zle\u015fmesi i\u00e7in g\u00f6r\u00fc\u015fmeler ba\u015flad\u0131. 116 i\u015f\u00e7iyi ilgilendiren yeni d\u00f6nem toplu i\u015f s\u00f6zle\u015fmesi i\u00e7in ilk [&hellip;]","protected":false},"author":3,"featured_media":8499,"comment_status":"closed","ping_status":"closed","sticky":false,"template":"","format":"standard","meta":{"footnotes":""},"categories":[24],"tags":[],"class_list":["post-8498","post","type-post","status-publish","format-standard","has-post-thumbnail","hentry","category-sozlesmeler"],"_links":{"self":[{"href":"https:\/\/yerelsen.org.tr\/index.php\/wp-json\/wp\/v2\/posts\/8498","targetHints":{"allow":["GET"]}}],"collection":[{"href":"https:\/\/yerelsen.org.tr\/index.php\/wp-json\/wp\/v2\/posts"}],"about":[{"href":"https:\/\/yerelsen.org.tr\/index.php\/wp-json\/wp\/v2\/types\/post"}],"author":[{"embeddable":true,"href":"https:\/\/yerelsen.org.tr\/index.php\/wp-json\/wp\/v2\/users\/3"}],"replies":[{"embeddable":true,"href":"https:\/\/yerelsen.org.tr\/index.php\/wp-json\/wp\/v2\/comments?post=8498"}],"version-history":[{"count":1,"href":"https:\/\/yerelsen.org.tr\/index.php\/wp-json\/wp\/v2\/posts\/8498\/revisions"}],"predecessor-version":[{"id":8500,"href":"https:\/\/yerelsen.org.tr\/index.php\/wp-json\/wp\/v2\/posts\/8498\/revisions\/8500"}],"wp:featuredmedia":[{"embeddable":true,"href":"https:\/\/yerelsen.org.tr\/index.php\/wp-json\/wp\/v2\/media\/8499"}],"wp:attachment":[{"href":"https:\/\/yerelsen.org.tr\/index.php\/wp-json\/wp\/v2\/media?parent=8498"}],"wp:term":[{"taxonomy":"category","embeddable":true,"href":"https:\/\/yerelsen.org.tr\/index.php\/wp-json\/wp\/v2\/categories?post=8498"},{"taxonomy":"post_tag","embeddable":true,"href":"https:\/\/yerelsen.org.tr\/index.php\/wp-json\/wp\/v2\/tags?post=8498"}],"curies":[{"name":"wp","href":"https:\/\/api.w.org\/{rel}","templated":true}]}}