{"id":8508,"date":"2018-03-29T18:10:47","date_gmt":"2018-03-29T16:10:47","guid":{"rendered":"https:\/\/yerelsen.org.tr\/?p=8508"},"modified":"2018-03-29T18:11:17","modified_gmt":"2018-03-29T16:11:17","slug":"daricada-imzalar-atildi-2","status":"publish","type":"post","link":"https:\/\/yerelsen.org.tr\/index.php\/daricada-imzalar-atildi-2\/","title":{"rendered":"Dar\u0131ca\u2019da Toplu \u0130\u015f S\u00f6zle\u015fmesi \u0130mzaland\u0131"},"content":{"rendered":"<p><a href=\"https:\/\/yerelsen.org.tr\/wp-content\/uploads\/2018\/03\/darc.jpg\"><img loading=\"lazy\" decoding=\"async\" class=\"aligncenter size-medium wp-image-8509\" src=\"https:\/\/yerelsen.org.tr\/wp-content\/uploads\/2018\/03\/darc-620x413.jpg\" alt=\"\" width=\"620\" height=\"413\" srcset=\"https:\/\/yerelsen.org.tr\/wp-content\/uploads\/2018\/03\/darc-620x413.jpg 620w, https:\/\/yerelsen.org.tr\/wp-content\/uploads\/2018\/03\/darc-768x512.jpg 768w, https:\/\/yerelsen.org.tr\/wp-content\/uploads\/2018\/03\/darc-850x566.jpg 850w, https:\/\/yerelsen.org.tr\/wp-content\/uploads\/2018\/03\/darc.jpg 1600w\" sizes=\"auto, (max-width: 620px) 100vw, 620px\" \/><\/a><\/p>\n<p>Dar\u0131ca Belediyesi\u2019nde 80 i\u015f\u00e7iyi kapsayan toplu i\u015f s\u00f6zle\u015fmesi i\u00e7in g\u00f6r\u00fc\u015fmeler tamamland\u0131. Belediyenin hizmet binas\u0131nda 26 Mart 2018 tarihinde ger\u00e7ekle\u015fen toplant\u0131da i\u015fveren vekili s\u0131fat\u0131 ile Yerelsen de yer ald\u0131.<\/p>\n<p>Yerelsen\u2019in \u00e7e\u015fitli temaslar\u0131n\u0131n ard\u0131ndan olumlu bir havada ba\u015flayan g\u00f6r\u00fc\u015fmelerde Dar\u0131ca Belediyesi\u2019ni Dar\u0131ca Belediye Ba\u015fkan\u0131 \u015e\u00fckr\u00fc KARABACAK, \u0130nsan Kaynaklar\u0131 M\u00fcd\u00fcr\u00fc \u0130lknur KARADUMAN, Mali Hizmetler M\u00fcd\u00fcr\u00fc Muhammet Ak\u015fit temsil etti. Yerelsen uzmanlar\u0131 Hasan TENL\u0130K, Murat ASLAN ve Cavit TOKPINAR g\u00f6r\u00fc\u015fmelerde yer ald\u0131lar. Toplant\u0131da i\u015f\u00e7i taraf\u0131n\u0131 temsil eden Hizmet-\u0130\u015f\u2019ten ise Hizmet-i\u015f Kocaeli \u015eube Ba\u015fkan\u0131 \u0130dris ERSOY, \u015eube Mali Sekreteri \u0130brahim \u00c7INAR , Ba\u015ftemsilci Ceyhan DEM\u0130R, Temsilci Mustafa YAZAR i\u015ftirak ettiler.<\/p>\n<p>G\u00f6r\u00fc\u015fmede taraflar kalan maddeler \u00fczerinde mutab\u0131k kalarak topl\u0131 i\u015f s\u00f6zle\u015fmesini imzalam\u0131\u015flard\u0131r. S\u00f6zle\u015fmenin imzalanmas\u0131ndan sonra bir konu\u015fma yapan Dar\u0131ca Belediye Ba\u015fkan\u0131 \u015e\u00fckr\u00fc KARABACAK, yeni d\u00f6nem i\u00e7in imzalananan toplu i\u015f s\u00f6zle\u015fmesinin hem kurumumuza hem i\u015f\u00e7ilerimize hay\u0131rl\u0131 olmas\u0131n\u0131 temenni ediyorum. Eme\u011fi ge\u00e7en ba\u015fta Yerelsen ekibine ve t\u00fcm arkada\u015flara te\u015fekk\u00fcr ediyorum dedi.<\/p>\n","protected":false},"excerpt":{"rendered":"Dar\u0131ca Belediyesi\u2019nde 80 i\u015f\u00e7iyi kapsayan toplu i\u015f s\u00f6zle\u015fmesi i\u00e7in g\u00f6r\u00fc\u015fmeler tamamland\u0131. Belediyenin hizmet binas\u0131nda 26 Mart 2018 tarihinde ger\u00e7ekle\u015fen toplant\u0131da [&hellip;]","protected":false},"author":3,"featured_media":8509,"comment_status":"closed","ping_status":"closed","sticky":false,"template":"","format":"standard","meta":{"footnotes":""},"categories":[24],"tags":[],"class_list":["post-8508","post","type-post","status-publish","format-standard","has-post-thumbnail","hentry","category-sozlesmeler"],"_links":{"self":[{"href":"https:\/\/yerelsen.org.tr\/index.php\/wp-json\/wp\/v2\/posts\/8508","targetHints":{"allow":["GET"]}}],"collection":[{"href":"https:\/\/yerelsen.org.tr\/index.php\/wp-json\/wp\/v2\/posts"}],"about":[{"href":"https:\/\/yerelsen.org.tr\/index.php\/wp-json\/wp\/v2\/types\/post"}],"author":[{"embeddable":true,"href":"https:\/\/yerelsen.org.tr\/index.php\/wp-json\/wp\/v2\/users\/3"}],"replies":[{"embeddable":true,"href":"https:\/\/yerelsen.org.tr\/index.php\/wp-json\/wp\/v2\/comments?post=8508"}],"version-history":[{"count":2,"href":"https:\/\/yerelsen.org.tr\/index.php\/wp-json\/wp\/v2\/posts\/8508\/revisions"}],"predecessor-version":[{"id":8511,"href":"https:\/\/yerelsen.org.tr\/index.php\/wp-json\/wp\/v2\/posts\/8508\/revisions\/8511"}],"wp:featuredmedia":[{"embeddable":true,"href":"https:\/\/yerelsen.org.tr\/index.php\/wp-json\/wp\/v2\/media\/8509"}],"wp:attachment":[{"href":"https:\/\/yerelsen.org.tr\/index.php\/wp-json\/wp\/v2\/media?parent=8508"}],"wp:term":[{"taxonomy":"category","embeddable":true,"href":"https:\/\/yerelsen.org.tr\/index.php\/wp-json\/wp\/v2\/categories?post=8508"},{"taxonomy":"post_tag","embeddable":true,"href":"https:\/\/yerelsen.org.tr\/index.php\/wp-json\/wp\/v2\/tags?post=8508"}],"curies":[{"name":"wp","href":"https:\/\/api.w.org\/{rel}","templated":true}]}}