{"id":8634,"date":"2018-06-15T01:55:00","date_gmt":"2018-06-14T23:55:00","guid":{"rendered":"https:\/\/yerelsen.org.tr\/?p=8634"},"modified":"2018-06-15T01:55:00","modified_gmt":"2018-06-14T23:55:00","slug":"kandirada-tis-gorusmeleri-sonuclandi","status":"publish","type":"post","link":"https:\/\/yerelsen.org.tr\/index.php\/kandirada-tis-gorusmeleri-sonuclandi\/","title":{"rendered":"Kand\u0131ra&#8217;da T\u0130S G\u00f6r\u00fc\u015fmeleri Sonu\u00e7land\u0131"},"content":{"rendered":"<p><a href=\"https:\/\/yerelsen.org.tr\/wp-content\/uploads\/2018\/06\/kandira.jpg\"><img loading=\"lazy\" decoding=\"async\" class=\"aligncenter  wp-image-8635\" src=\"https:\/\/yerelsen.org.tr\/wp-content\/uploads\/2018\/06\/kandira-620x465.jpg\" alt=\"\" width=\"651\" height=\"488\" srcset=\"https:\/\/yerelsen.org.tr\/wp-content\/uploads\/2018\/06\/kandira-620x465.jpg 620w, https:\/\/yerelsen.org.tr\/wp-content\/uploads\/2018\/06\/kandira-768x576.jpg 768w, https:\/\/yerelsen.org.tr\/wp-content\/uploads\/2018\/06\/kandira-850x638.jpg 850w, https:\/\/yerelsen.org.tr\/wp-content\/uploads\/2018\/06\/kandira.jpg 1000w\" sizes=\"auto, (max-width: 651px) 100vw, 651px\" \/><\/a><\/p>\n<p class=\"p1\"><span class=\"s1\">Yerelsen\u2019in \u00fcye belediyelerinden Kand\u0131ra Belediyesi\u2019nde 35 i\u015f\u00e7iyi ilgilendiren toplu i\u015f s\u00f6zle\u015fmesi ile ilgili imzalar at\u0131ld\u0131. 23.05.018 tarihinde ger\u00e7ekle\u015fen toplant\u0131da Yerelsen Genel Sekreteri Av.M\u00fcmtaz UZUN, Sendika Uzmanlar\u0131ndan Hasan TENL\u0130K ve Murat ASLAN haz\u0131r bulunurken, Belediyeyi Temsilen Kand\u0131ra Belediye Ba\u015fkan\u0131 \u00dcnal K\u00d6KEN ve Ba\u015fkan Yard\u0131mc\u0131s\u0131 ASIM AKKAYA kat\u0131ld\u0131. Toplant\u0131da i\u015f\u00e7i taraf\u0131n\u0131 ise Hizmet-\u0130\u015f Kocaeli \u015eube Ba\u015fkan\u0131 \u0130dris ERSOY, \u015eube Sekreteri Muharrem Suba\u015f\u0131, \u015eube Mali Sekreteri \u0130brahim \u00c7INAR, \u015eube Te\u015fkilatlanma Sekreteri Tu\u011frultan \u00c7A\u011eDA\u015e ve Temsil Mehmet Kamil \u015eEN temsil etti. <\/span><\/p>\n<p class=\"p1\"><span class=\"s1\">Olumlu bir atmosferde devam eden imza t\u00f6reninde Kand\u0131ra<span class=\"Apple-converted-space\">\u00a0 <\/span>Belediye Ba\u015fkan\u0131 \u00dcnal K\u00d6KEN, yeni d\u00f6nem i\u00e7in imzalananan toplu i\u015f s\u00f6zle\u015fmesinin iki tarafa da hay\u0131rl\u0131 olmas\u0131n\u0131 temenni etti. Ayr\u0131ca masada bitmesinin de kendilerini memnun<span class=\"Apple-converted-space\">\u00a0 <\/span>etti\u011finin alt\u0131n\u0131 \u00e7izdi. G\u00fcn\u00fcm\u00fcz \u015fartlar\u0131nda iyi bir s\u00f6zle\u015fmeye imza att\u011f\u0131n\u0131 dile getiren K\u00d6KEN, eme\u011fi ge\u00e7en i\u015f\u00e7i sendikas\u0131 ve Yerelsen ekibine te\u015fekk\u00fcr ederim dedi. Toplant\u0131da toplu i\u015f s\u00f6zle\u015fmesinin kalan maddeleri \u00fczerinde yap\u0131lan m\u00fczakereler olumlu sonu\u00e7lanarak anla\u015fma sa\u011flanm\u0131\u015ft\u0131r.<\/span><\/p>\n","protected":false},"excerpt":{"rendered":"Yerelsen\u2019in \u00fcye belediyelerinden Kand\u0131ra Belediyesi\u2019nde 35 i\u015f\u00e7iyi ilgilendiren toplu i\u015f s\u00f6zle\u015fmesi ile ilgili imzalar at\u0131ld\u0131. 23.05.018 tarihinde ger\u00e7ekle\u015fen toplant\u0131da Yerelsen [&hellip;]","protected":false},"author":3,"featured_media":8635,"comment_status":"closed","ping_status":"closed","sticky":false,"template":"","format":"standard","meta":{"footnotes":""},"categories":[24],"tags":[],"class_list":["post-8634","post","type-post","status-publish","format-standard","has-post-thumbnail","hentry","category-sozlesmeler"],"_links":{"self":[{"href":"https:\/\/yerelsen.org.tr\/index.php\/wp-json\/wp\/v2\/posts\/8634","targetHints":{"allow":["GET"]}}],"collection":[{"href":"https:\/\/yerelsen.org.tr\/index.php\/wp-json\/wp\/v2\/posts"}],"about":[{"href":"https:\/\/yerelsen.org.tr\/index.php\/wp-json\/wp\/v2\/types\/post"}],"author":[{"embeddable":true,"href":"https:\/\/yerelsen.org.tr\/index.php\/wp-json\/wp\/v2\/users\/3"}],"replies":[{"embeddable":true,"href":"https:\/\/yerelsen.org.tr\/index.php\/wp-json\/wp\/v2\/comments?post=8634"}],"version-history":[{"count":1,"href":"https:\/\/yerelsen.org.tr\/index.php\/wp-json\/wp\/v2\/posts\/8634\/revisions"}],"predecessor-version":[{"id":8636,"href":"https:\/\/yerelsen.org.tr\/index.php\/wp-json\/wp\/v2\/posts\/8634\/revisions\/8636"}],"wp:featuredmedia":[{"embeddable":true,"href":"https:\/\/yerelsen.org.tr\/index.php\/wp-json\/wp\/v2\/media\/8635"}],"wp:attachment":[{"href":"https:\/\/yerelsen.org.tr\/index.php\/wp-json\/wp\/v2\/media?parent=8634"}],"wp:term":[{"taxonomy":"category","embeddable":true,"href":"https:\/\/yerelsen.org.tr\/index.php\/wp-json\/wp\/v2\/categories?post=8634"},{"taxonomy":"post_tag","embeddable":true,"href":"https:\/\/yerelsen.org.tr\/index.php\/wp-json\/wp\/v2\/tags?post=8634"}],"curies":[{"name":"wp","href":"https:\/\/api.w.org\/{rel}","templated":true}]}}