{"id":8637,"date":"2018-06-15T02:01:00","date_gmt":"2018-06-15T00:01:00","guid":{"rendered":"https:\/\/yerelsen.org.tr\/?p=8637"},"modified":"2018-06-15T02:01:00","modified_gmt":"2018-06-15T00:01:00","slug":"kirikkalede-imzalar-atildi","status":"publish","type":"post","link":"https:\/\/yerelsen.org.tr\/index.php\/kirikkalede-imzalar-atildi\/","title":{"rendered":"K\u0131r\u0131kkale&#8217;de \u0130mzalar At\u0131ld\u0131"},"content":{"rendered":"<p><a href=\"https:\/\/yerelsen.org.tr\/wp-content\/uploads\/2018\/06\/27657948_1978918845690569_4361170272543261941_n.jpg\"><img loading=\"lazy\" decoding=\"async\" class=\"aligncenter  wp-image-8638\" src=\"https:\/\/yerelsen.org.tr\/wp-content\/uploads\/2018\/06\/27657948_1978918845690569_4361170272543261941_n-620x422.jpg\" alt=\"\" width=\"633\" height=\"431\" srcset=\"https:\/\/yerelsen.org.tr\/wp-content\/uploads\/2018\/06\/27657948_1978918845690569_4361170272543261941_n-620x422.jpg 620w, https:\/\/yerelsen.org.tr\/wp-content\/uploads\/2018\/06\/27657948_1978918845690569_4361170272543261941_n.jpg 690w\" sizes=\"auto, (max-width: 633px) 100vw, 633px\" \/><\/a><\/p>\n<p class=\"p1\"><span class=\"s1\">Sendikam\u0131z\u0131n \u00fcye kurumlar\u0131ndan K\u0131r\u0131kkale Belediyesi\u2019nde bir s\u00fcredir devam eden toplu i\u015f s\u00f6zle\u015fmesi g\u00f6r\u00fc\u015fmeleri sonu\u00e7land\u0131. K\u0131r\u0131kkale Belediyesi\u2019nde 182 i\u015f\u00e7iyi ilgilendiren toplu i\u015f s\u00f6zle\u015fmesi i\u00e7in son toplant\u0131 25.02.2018 tarihinde ger\u00e7ekle\u015fti. <\/span><\/p>\n<p class=\"p1\"><span class=\"s1\">Yap\u0131lan toplant\u0131ya i\u015fveren vekili s\u0131fat\u0131 ile dahil olan Yerelsen\u2019i Genel Sekreter Yard\u0131mc\u0131s\u0131 Yahya B\u0130LG\u0130N ve Sendika Uzmanlar\u0131ndan \u0130brahim Halil \u00c7EL\u0130K temsil ederken i\u015f\u00e7i taraf\u0131n\u0131 ise Hizmet-\u0130\u015f \u015eube Ba\u015fkan\u0131 Celal Y\u00dcNL\u00dc temsil etti. <\/span><\/p>\n<p class=\"p1\"><span class=\"s1\">Toplant\u0131da bir konu\u015fma yapan Belediye Ba\u015fkan\u0131 Mehmet SAYGILI Toplu S\u00f6zle\u015fmenin Hay\u0131rlara vesile olmas\u0131n\u0131 temenni etti.<\/span><\/p>\n<p><a href=\"https:\/\/yerelsen.org.tr\/wp-content\/uploads\/2018\/06\/27867812_1978918922357228_5328032370895420496_n.jpg\"><img loading=\"lazy\" decoding=\"async\" class=\"aligncenter size-medium wp-image-8639\" src=\"https:\/\/yerelsen.org.tr\/wp-content\/uploads\/2018\/06\/27867812_1978918922357228_5328032370895420496_n-620x413.jpg\" alt=\"\" width=\"620\" height=\"413\" srcset=\"https:\/\/yerelsen.org.tr\/wp-content\/uploads\/2018\/06\/27867812_1978918922357228_5328032370895420496_n-620x413.jpg 620w, https:\/\/yerelsen.org.tr\/wp-content\/uploads\/2018\/06\/27867812_1978918922357228_5328032370895420496_n-768x511.jpg 768w, https:\/\/yerelsen.org.tr\/wp-content\/uploads\/2018\/06\/27867812_1978918922357228_5328032370895420496_n-850x566.jpg 850w, https:\/\/yerelsen.org.tr\/wp-content\/uploads\/2018\/06\/27867812_1978918922357228_5328032370895420496_n.jpg 960w\" sizes=\"auto, (max-width: 620px) 100vw, 620px\" \/><\/a><\/p>\n","protected":false},"excerpt":{"rendered":"Sendikam\u0131z\u0131n \u00fcye kurumlar\u0131ndan K\u0131r\u0131kkale Belediyesi\u2019nde bir s\u00fcredir devam eden toplu i\u015f s\u00f6zle\u015fmesi g\u00f6r\u00fc\u015fmeleri sonu\u00e7land\u0131. K\u0131r\u0131kkale Belediyesi\u2019nde 182 i\u015f\u00e7iyi ilgilendiren toplu [&hellip;]","protected":false},"author":3,"featured_media":8638,"comment_status":"closed","ping_status":"closed","sticky":false,"template":"","format":"standard","meta":{"footnotes":""},"categories":[24],"tags":[],"class_list":["post-8637","post","type-post","status-publish","format-standard","has-post-thumbnail","hentry","category-sozlesmeler"],"_links":{"self":[{"href":"https:\/\/yerelsen.org.tr\/index.php\/wp-json\/wp\/v2\/posts\/8637","targetHints":{"allow":["GET"]}}],"collection":[{"href":"https:\/\/yerelsen.org.tr\/index.php\/wp-json\/wp\/v2\/posts"}],"about":[{"href":"https:\/\/yerelsen.org.tr\/index.php\/wp-json\/wp\/v2\/types\/post"}],"author":[{"embeddable":true,"href":"https:\/\/yerelsen.org.tr\/index.php\/wp-json\/wp\/v2\/users\/3"}],"replies":[{"embeddable":true,"href":"https:\/\/yerelsen.org.tr\/index.php\/wp-json\/wp\/v2\/comments?post=8637"}],"version-history":[{"count":1,"href":"https:\/\/yerelsen.org.tr\/index.php\/wp-json\/wp\/v2\/posts\/8637\/revisions"}],"predecessor-version":[{"id":8640,"href":"https:\/\/yerelsen.org.tr\/index.php\/wp-json\/wp\/v2\/posts\/8637\/revisions\/8640"}],"wp:featuredmedia":[{"embeddable":true,"href":"https:\/\/yerelsen.org.tr\/index.php\/wp-json\/wp\/v2\/media\/8638"}],"wp:attachment":[{"href":"https:\/\/yerelsen.org.tr\/index.php\/wp-json\/wp\/v2\/media?parent=8637"}],"wp:term":[{"taxonomy":"category","embeddable":true,"href":"https:\/\/yerelsen.org.tr\/index.php\/wp-json\/wp\/v2\/categories?post=8637"},{"taxonomy":"post_tag","embeddable":true,"href":"https:\/\/yerelsen.org.tr\/index.php\/wp-json\/wp\/v2\/tags?post=8637"}],"curies":[{"name":"wp","href":"https:\/\/api.w.org\/{rel}","templated":true}]}}