{"id":8641,"date":"2018-06-15T02:06:26","date_gmt":"2018-06-15T00:06:26","guid":{"rendered":"https:\/\/yerelsen.org.tr\/?p=8641"},"modified":"2018-06-15T02:06:46","modified_gmt":"2018-06-15T00:06:46","slug":"kirsehirde-mutabakat-saglandi","status":"publish","type":"post","link":"https:\/\/yerelsen.org.tr\/index.php\/kirsehirde-mutabakat-saglandi\/","title":{"rendered":"K\u0131r\u015fehir&#8217;de Mutabakat Sa\u011fland\u0131"},"content":{"rendered":"<p><a href=\"https:\/\/yerelsen.org.tr\/wp-content\/uploads\/2018\/06\/27173881_1975716789344108_328131257556931503_o.jpg\"><img loading=\"lazy\" decoding=\"async\" class=\"aligncenter wp-image-8642\" src=\"https:\/\/yerelsen.org.tr\/wp-content\/uploads\/2018\/06\/27173881_1975716789344108_328131257556931503_o-620x386.jpg\" alt=\"\" width=\"665\" height=\"414\" srcset=\"https:\/\/yerelsen.org.tr\/wp-content\/uploads\/2018\/06\/27173881_1975716789344108_328131257556931503_o-620x386.jpg 620w, https:\/\/yerelsen.org.tr\/wp-content\/uploads\/2018\/06\/27173881_1975716789344108_328131257556931503_o-768x479.jpg 768w, https:\/\/yerelsen.org.tr\/wp-content\/uploads\/2018\/06\/27173881_1975716789344108_328131257556931503_o-850x530.jpg 850w, https:\/\/yerelsen.org.tr\/wp-content\/uploads\/2018\/06\/27173881_1975716789344108_328131257556931503_o.jpg 1351w\" sizes=\"auto, (max-width: 665px) 100vw, 665px\" \/><\/a><\/p>\n<p class=\"p1\"><span class=\"s1\">Toplu i\u015f s\u00f6zle\u015fmesi g\u00f6r\u00fc\u015fmelerinin y\u00fcr\u00fct\u00fcld\u00fc\u011f\u00fc K\u0131r\u015fehir Belediyesi\u2019nde imzalar at\u0131ld\u0131. 182 i\u015f\u00e7iyi ilgilendiren toplu i\u015f s\u00f6zle\u015fmesi\u2019nin son g\u00f6r\u00fc\u015fmesi ise 31.01.2018 tarihinde ger\u00e7ekle\u015ftirildi. <\/span><\/p>\n<p class=\"p1\"><span class=\"s1\">Toplant\u0131ya i\u015fveren vekili s\u0131fat\u0131 ile kat\u0131lan Yerelsen\u2019i Genel Sekreter Yard\u0131mc\u0131s\u0131 Yahya B\u0130LG\u0130N ve Sendika Uzmanlar\u0131ndan \u0130brahim Halil \u00c7EL\u0130K temsil etti. \u0130\u015f\u00e7i taraf\u0131n\u0131 ise Hizmet-\u0130\u015f \u0130l Ba\u015fkan\u0131 H\u0131z\u0131r G\u00dcRLER, Hizmet-\u0130\u015f T\u0130S Daire Ba\u015fkan\u0131 Muhammet Nurbaki T\u00dcRKAY ve Hizmet-\u0130\u015f Uzman\u0131 Osman SARI temsil etti. <\/span><\/p>\n<p class=\"p1\"><span class=\"s1\">Bir s\u00fcredir devam eden s\u00f6zle\u015fme g\u00f6r\u00fc\u015fmelerinin mutabakat ile sonu\u00e7land\u0131\u011f\u0131 toplant\u0131da konu\u015fma yapan Belediye Ba\u015fkan Yard\u0131mc\u0131s\u0131 Ya\u015far SULU Toplu S\u00f6zle\u015fmenin Hay\u0131rlara vesile olmas\u0131n\u0131 temenni etti.<\/span><\/p>\n","protected":false},"excerpt":{"rendered":"Toplu i\u015f s\u00f6zle\u015fmesi g\u00f6r\u00fc\u015fmelerinin y\u00fcr\u00fct\u00fcld\u00fc\u011f\u00fc K\u0131r\u015fehir Belediyesi\u2019nde imzalar at\u0131ld\u0131. 182 i\u015f\u00e7iyi ilgilendiren toplu i\u015f s\u00f6zle\u015fmesi\u2019nin son g\u00f6r\u00fc\u015fmesi ise 31.01.2018 tarihinde [&hellip;]","protected":false},"author":3,"featured_media":8642,"comment_status":"closed","ping_status":"closed","sticky":false,"template":"","format":"standard","meta":{"footnotes":""},"categories":[24],"tags":[],"class_list":["post-8641","post","type-post","status-publish","format-standard","has-post-thumbnail","hentry","category-sozlesmeler"],"_links":{"self":[{"href":"https:\/\/yerelsen.org.tr\/index.php\/wp-json\/wp\/v2\/posts\/8641","targetHints":{"allow":["GET"]}}],"collection":[{"href":"https:\/\/yerelsen.org.tr\/index.php\/wp-json\/wp\/v2\/posts"}],"about":[{"href":"https:\/\/yerelsen.org.tr\/index.php\/wp-json\/wp\/v2\/types\/post"}],"author":[{"embeddable":true,"href":"https:\/\/yerelsen.org.tr\/index.php\/wp-json\/wp\/v2\/users\/3"}],"replies":[{"embeddable":true,"href":"https:\/\/yerelsen.org.tr\/index.php\/wp-json\/wp\/v2\/comments?post=8641"}],"version-history":[{"count":2,"href":"https:\/\/yerelsen.org.tr\/index.php\/wp-json\/wp\/v2\/posts\/8641\/revisions"}],"predecessor-version":[{"id":8644,"href":"https:\/\/yerelsen.org.tr\/index.php\/wp-json\/wp\/v2\/posts\/8641\/revisions\/8644"}],"wp:featuredmedia":[{"embeddable":true,"href":"https:\/\/yerelsen.org.tr\/index.php\/wp-json\/wp\/v2\/media\/8642"}],"wp:attachment":[{"href":"https:\/\/yerelsen.org.tr\/index.php\/wp-json\/wp\/v2\/media?parent=8641"}],"wp:term":[{"taxonomy":"category","embeddable":true,"href":"https:\/\/yerelsen.org.tr\/index.php\/wp-json\/wp\/v2\/categories?post=8641"},{"taxonomy":"post_tag","embeddable":true,"href":"https:\/\/yerelsen.org.tr\/index.php\/wp-json\/wp\/v2\/tags?post=8641"}],"curies":[{"name":"wp","href":"https:\/\/api.w.org\/{rel}","templated":true}]}}