{"id":8645,"date":"2018-06-15T02:12:43","date_gmt":"2018-06-15T00:12:43","guid":{"rendered":"https:\/\/yerelsen.org.tr\/?p=8645"},"modified":"2018-06-15T02:12:43","modified_gmt":"2018-06-15T00:12:43","slug":"korfez-belediyesinde-imzalar-atildi","status":"publish","type":"post","link":"https:\/\/yerelsen.org.tr\/index.php\/korfez-belediyesinde-imzalar-atildi\/","title":{"rendered":"K\u00f6rfez Belediyesi&#8217;nde \u0130mzalar At\u0131ld\u0131"},"content":{"rendered":"<p><a href=\"https:\/\/yerelsen.org.tr\/wp-content\/uploads\/2018\/06\/30623739_2008135019435618_2332297628070174555_n.jpg\"><img loading=\"lazy\" decoding=\"async\" class=\"aligncenter  wp-image-8646\" src=\"https:\/\/yerelsen.org.tr\/wp-content\/uploads\/2018\/06\/30623739_2008135019435618_2332297628070174555_n-620x405.jpg\" alt=\"\" width=\"657\" height=\"429\" srcset=\"https:\/\/yerelsen.org.tr\/wp-content\/uploads\/2018\/06\/30623739_2008135019435618_2332297628070174555_n-620x405.jpg 620w, https:\/\/yerelsen.org.tr\/wp-content\/uploads\/2018\/06\/30623739_2008135019435618_2332297628070174555_n-768x502.jpg 768w, https:\/\/yerelsen.org.tr\/wp-content\/uploads\/2018\/06\/30623739_2008135019435618_2332297628070174555_n-850x555.jpg 850w, https:\/\/yerelsen.org.tr\/wp-content\/uploads\/2018\/06\/30623739_2008135019435618_2332297628070174555_n-220x145.jpg 220w, https:\/\/yerelsen.org.tr\/wp-content\/uploads\/2018\/06\/30623739_2008135019435618_2332297628070174555_n.jpg 960w\" sizes=\"auto, (max-width: 657px) 100vw, 657px\" \/><\/a><\/p>\n<p class=\"p1\"><span class=\"s1\">Yerelsen\u2019in \u00fcye kurulu\u015flar\u0131ndan olan K\u00f6rfez Belediyesi\u2019nde 200 i\u015f\u00e7iyi ilgilendiren toplu i\u015f s\u00f6zle\u015fmesi ile sona gelindi. 02.04.2018 tarihinde ger\u00e7ekle\u015fen son g\u00f6r\u00fc\u015fmede toplu i\u015f s\u00f6zle\u015fmesinde imzalar at\u0131ld\u0131. <\/span><\/p>\n<p class=\"p1\"><span class=\"s1\">Toplant\u0131ya i\u015fveren vekili s\u0131fat\u0131 ile kat\u0131lan Yerelsen\u2019i, Genel Sekreter Yard\u0131mc\u0131s\u0131 Yahya B\u0130LG\u0130N ve Sendika Uzmanlar\u0131ndan \u0130brahim Halil \u00c7EL\u0130K temsil etti. \u0130\u015f\u00e7i taraf\u0131n\u0131 ise Belediye-\u0130\u015f \u015eube Ba\u015fkan\u0131 Osman \u015eAR, Belediye-\u0130\u015f \u015eube Ba\u015fkan Yard\u0131mc\u0131s\u0131 Ertu\u011frul \u00c7INAR ve Belediye-\u0130\u015f \u015eube Mali Sekreteri Mehmet ER temsil etti. <\/span><\/p>\n<p class=\"p1\"><span class=\"s1\">G\u00f6r\u00fc\u015fmelerde toplu i\u015f s\u00f6zle\u015fmesi \u00fczerinde mutabakata var\u0131l\u0131rken K\u00f6rfez Belediye Ba\u015fkan\u0131 \u0130smail BARAN yapt\u0131\u011f\u0131 konu\u015fmada toplu s\u00f6zle\u015fmenin hay\u0131rlara vesile olmas\u0131n\u0131 temenni etti.<\/span><\/p>\n","protected":false},"excerpt":{"rendered":"Yerelsen\u2019in \u00fcye kurulu\u015flar\u0131ndan olan K\u00f6rfez Belediyesi\u2019nde 200 i\u015f\u00e7iyi ilgilendiren toplu i\u015f s\u00f6zle\u015fmesi ile sona gelindi. 02.04.2018 tarihinde ger\u00e7ekle\u015fen son g\u00f6r\u00fc\u015fmede [&hellip;]","protected":false},"author":3,"featured_media":8646,"comment_status":"closed","ping_status":"closed","sticky":false,"template":"","format":"standard","meta":{"footnotes":""},"categories":[24],"tags":[],"class_list":["post-8645","post","type-post","status-publish","format-standard","has-post-thumbnail","hentry","category-sozlesmeler"],"_links":{"self":[{"href":"https:\/\/yerelsen.org.tr\/index.php\/wp-json\/wp\/v2\/posts\/8645","targetHints":{"allow":["GET"]}}],"collection":[{"href":"https:\/\/yerelsen.org.tr\/index.php\/wp-json\/wp\/v2\/posts"}],"about":[{"href":"https:\/\/yerelsen.org.tr\/index.php\/wp-json\/wp\/v2\/types\/post"}],"author":[{"embeddable":true,"href":"https:\/\/yerelsen.org.tr\/index.php\/wp-json\/wp\/v2\/users\/3"}],"replies":[{"embeddable":true,"href":"https:\/\/yerelsen.org.tr\/index.php\/wp-json\/wp\/v2\/comments?post=8645"}],"version-history":[{"count":1,"href":"https:\/\/yerelsen.org.tr\/index.php\/wp-json\/wp\/v2\/posts\/8645\/revisions"}],"predecessor-version":[{"id":8647,"href":"https:\/\/yerelsen.org.tr\/index.php\/wp-json\/wp\/v2\/posts\/8645\/revisions\/8647"}],"wp:featuredmedia":[{"embeddable":true,"href":"https:\/\/yerelsen.org.tr\/index.php\/wp-json\/wp\/v2\/media\/8646"}],"wp:attachment":[{"href":"https:\/\/yerelsen.org.tr\/index.php\/wp-json\/wp\/v2\/media?parent=8645"}],"wp:term":[{"taxonomy":"category","embeddable":true,"href":"https:\/\/yerelsen.org.tr\/index.php\/wp-json\/wp\/v2\/categories?post=8645"},{"taxonomy":"post_tag","embeddable":true,"href":"https:\/\/yerelsen.org.tr\/index.php\/wp-json\/wp\/v2\/tags?post=8645"}],"curies":[{"name":"wp","href":"https:\/\/api.w.org\/{rel}","templated":true}]}}