{"id":8648,"date":"2018-06-15T02:18:22","date_gmt":"2018-06-15T00:18:22","guid":{"rendered":"https:\/\/yerelsen.org.tr\/?p=8648"},"modified":"2018-06-15T02:18:35","modified_gmt":"2018-06-15T00:18:35","slug":"rizede-anlasma-saglandi","status":"publish","type":"post","link":"https:\/\/yerelsen.org.tr\/index.php\/rizede-anlasma-saglandi\/","title":{"rendered":"Rize&#8217;de Anla\u015fma Sa\u011fland\u0131"},"content":{"rendered":"<p><a href=\"https:\/\/yerelsen.org.tr\/wp-content\/uploads\/2018\/06\/29258308_1995810727334714_2723321047029199300_n.jpg\"><img loading=\"lazy\" decoding=\"async\" class=\"aligncenter wp-image-8650\" src=\"https:\/\/yerelsen.org.tr\/wp-content\/uploads\/2018\/06\/29258308_1995810727334714_2723321047029199300_n-620x413.jpg\" alt=\"\" width=\"668\" height=\"445\" srcset=\"https:\/\/yerelsen.org.tr\/wp-content\/uploads\/2018\/06\/29258308_1995810727334714_2723321047029199300_n-620x413.jpg 620w, https:\/\/yerelsen.org.tr\/wp-content\/uploads\/2018\/06\/29258308_1995810727334714_2723321047029199300_n-768x512.jpg 768w, https:\/\/yerelsen.org.tr\/wp-content\/uploads\/2018\/06\/29258308_1995810727334714_2723321047029199300_n-850x567.jpg 850w, https:\/\/yerelsen.org.tr\/wp-content\/uploads\/2018\/06\/29258308_1995810727334714_2723321047029199300_n.jpg 960w\" sizes=\"auto, (max-width: 668px) 100vw, 668px\" \/><\/a><\/p>\n<p class=\"p1\"><span class=\"s1\">34 i\u015f\u00e7iyi ilgilendiren toplu i\u015f s\u00f6zle\u015fmesi g\u00f6r\u00fc\u015fmeleri Rize Belediyesi\u2019nde mutabakatla sonu\u00e7land\u0131. 15.03.2018 tarihinde ger\u00e7ekle\u015fen son toplant\u0131da imzalar at\u0131ld\u0131. <\/span><\/p>\n<p class=\"p1\"><span class=\"s1\">Son toplant\u0131da i\u015fveren vekili s\u0131fat\u0131 ile kat\u0131lan Yerelsen\u2019i Genel Sekreter Yard\u0131mc\u0131s\u0131 Yahya B\u0130LG\u0130N ve Sendika Uzmanlar\u0131ndan \u0130brahim Halil \u00c7EL\u0130K temsil etti. \u0130\u015f\u00e7i taraf\u0131n\u0131 ise Hizmet-\u0130\u015f T\u0130S Daire Ba\u015fkan\u0131 Av. Muhammet Nurbaki T\u00dcRKAY, R\u0130ZE Hizmet-\u0130\u015f \u015eube Ba\u015fkan\u0131 Mehmet ALACA, Hizmet-\u0130\u015f \u015eube Sekreteri Burhan AVCI ve Hizmet-\u0130\u015f \u015eube Mali Sekreteri Mehmet TEM\u0130ZKAN temsil etti. <\/span><\/p>\n<p class=\"p1\"><span class=\"s1\">Ger\u00e7ekle\u015fen imza t\u00f6reninde Rize Belediye Ba\u015fkan\u0131 Prof. Dr. Re\u015fat KASAP Toplu S\u00f6zle\u015fmenin Hay\u0131rlara vesile olmas\u0131n\u0131 temenni etti.<\/span><\/p>\n<p><a href=\"https:\/\/yerelsen.org.tr\/wp-content\/uploads\/2018\/06\/29216235_1995810747334712_1364777478493380816_n.jpg\"><img loading=\"lazy\" decoding=\"async\" class=\"aligncenter size-medium wp-image-8649\" src=\"https:\/\/yerelsen.org.tr\/wp-content\/uploads\/2018\/06\/29216235_1995810747334712_1364777478493380816_n-620x330.jpg\" alt=\"\" width=\"620\" height=\"330\" srcset=\"https:\/\/yerelsen.org.tr\/wp-content\/uploads\/2018\/06\/29216235_1995810747334712_1364777478493380816_n-620x330.jpg 620w, https:\/\/yerelsen.org.tr\/wp-content\/uploads\/2018\/06\/29216235_1995810747334712_1364777478493380816_n-768x409.jpg 768w, https:\/\/yerelsen.org.tr\/wp-content\/uploads\/2018\/06\/29216235_1995810747334712_1364777478493380816_n-850x452.jpg 850w, https:\/\/yerelsen.org.tr\/wp-content\/uploads\/2018\/06\/29216235_1995810747334712_1364777478493380816_n.jpg 960w\" sizes=\"auto, (max-width: 620px) 100vw, 620px\" \/><\/a><\/p>\n","protected":false},"excerpt":{"rendered":"34 i\u015f\u00e7iyi ilgilendiren toplu i\u015f s\u00f6zle\u015fmesi g\u00f6r\u00fc\u015fmeleri Rize Belediyesi\u2019nde mutabakatla sonu\u00e7land\u0131. 15.03.2018 tarihinde ger\u00e7ekle\u015fen son toplant\u0131da imzalar at\u0131ld\u0131. Son toplant\u0131da [&hellip;]","protected":false},"author":3,"featured_media":8650,"comment_status":"closed","ping_status":"closed","sticky":false,"template":"","format":"standard","meta":{"footnotes":""},"categories":[24],"tags":[],"class_list":["post-8648","post","type-post","status-publish","format-standard","has-post-thumbnail","hentry","category-sozlesmeler"],"_links":{"self":[{"href":"https:\/\/yerelsen.org.tr\/index.php\/wp-json\/wp\/v2\/posts\/8648","targetHints":{"allow":["GET"]}}],"collection":[{"href":"https:\/\/yerelsen.org.tr\/index.php\/wp-json\/wp\/v2\/posts"}],"about":[{"href":"https:\/\/yerelsen.org.tr\/index.php\/wp-json\/wp\/v2\/types\/post"}],"author":[{"embeddable":true,"href":"https:\/\/yerelsen.org.tr\/index.php\/wp-json\/wp\/v2\/users\/3"}],"replies":[{"embeddable":true,"href":"https:\/\/yerelsen.org.tr\/index.php\/wp-json\/wp\/v2\/comments?post=8648"}],"version-history":[{"count":2,"href":"https:\/\/yerelsen.org.tr\/index.php\/wp-json\/wp\/v2\/posts\/8648\/revisions"}],"predecessor-version":[{"id":8652,"href":"https:\/\/yerelsen.org.tr\/index.php\/wp-json\/wp\/v2\/posts\/8648\/revisions\/8652"}],"wp:featuredmedia":[{"embeddable":true,"href":"https:\/\/yerelsen.org.tr\/index.php\/wp-json\/wp\/v2\/media\/8650"}],"wp:attachment":[{"href":"https:\/\/yerelsen.org.tr\/index.php\/wp-json\/wp\/v2\/media?parent=8648"}],"wp:term":[{"taxonomy":"category","embeddable":true,"href":"https:\/\/yerelsen.org.tr\/index.php\/wp-json\/wp\/v2\/categories?post=8648"},{"taxonomy":"post_tag","embeddable":true,"href":"https:\/\/yerelsen.org.tr\/index.php\/wp-json\/wp\/v2\/tags?post=8648"}],"curies":[{"name":"wp","href":"https:\/\/api.w.org\/{rel}","templated":true}]}}